{"id":12191,"date":"2016-09-20T10:30:22","date_gmt":"2016-09-20T08:30:22","guid":{"rendered":"http:\/\/www.escrimepaloise.com\/wordpress\/?p=12191"},"modified":"2016-09-20T10:30:22","modified_gmt":"2016-09-20T08:30:22","slug":"entre-les-gouttes","status":"publish","type":"post","link":"https:\/\/www.escrimepaloise.com\/wordpress\/2016\/09\/20\/entre-les-gouttes\/","title":{"rendered":"Entre les gouttes !"},"content":{"rendered":"<p>Apr\u00e8s Auchan, la foire expo et la journ\u00e9e Nelson Paillou, la Section Paloise escrime \u00e9tait pr\u00e9sente ce week end \u00e0 Lescar \u00e0 l&rsquo;occasion de la traditionnelle journ\u00e9e \u00ab\u00a0Vitalsport\u00a0\u00bb organis\u00e9e par D\u00e9cathlon. Malgr\u00e9 le temps maussade voire pluvieux, L\u00e9o et Laurent ont initi\u00e9 quelques 100 jeunes \u00e0 la pratique de l&rsquo;escrime.  <\/p>\n","protected":false},"excerpt":{"rendered":"<p>Apr\u00e8s Auchan, la foire expo et la journ\u00e9e Nelson Paillou, la Section Paloise escrime \u00e9tait pr\u00e9sente ce week end \u00e0 Lescar \u00e0 l&rsquo;occasion de la traditionnelle journ\u00e9e \u00ab\u00a0Vitalsport\u00a0\u00bb organis\u00e9e par D\u00e9cathlon. Malgr\u00e9 le temps maussade voire pluvieux, L\u00e9o et Laurent ont initi\u00e9 quelques 100 jeunes \u00e0 la pratique de l&rsquo;escrime.<\/p>\n","protected":false},"author":6,"featured_media":12194,"comment_status":"closed","ping_status":"closed","sticky":false,"template":"","format":"standard","meta":{"jetpack_post_was_ever_published":false,"_jetpack_newsletter_access":"","_jetpack_dont_email_post_to_subs":false,"_jetpack_newsletter_tier_id":0,"_jetpack_memberships_contains_paywalled_content":false,"_jetpack_memberships_contains_paid_content":false,"footnotes":"","jetpack_publicize_message":"","jetpack_publicize_feature_enabled":true,"jetpack_social_post_already_shared":false,"jetpack_social_options":{"image_generator_settings":{"template":"highway","default_image_id":0,"font":"","enabled":false},"version":2}},"categories":[1],"tags":[],"class_list":["post-12191","post","type-post","status-publish","format-standard","has-post-thumbnail","hentry","category-non-classe"],"jetpack_publicize_connections":[],"jetpack_featured_media_url":"https:\/\/i0.wp.com\/www.escrimepaloise.com\/wordpress\/wp-content\/uploads\/2016\/09\/20160917_110020-2-e1474360198990.jpg?fit=800%2C1422&ssl=1","jetpack_sharing_enabled":true,"jetpack_shortlink":"https:\/\/wp.me\/p8aWQh-3aD","jetpack-related-posts":[{"id":25573,"url":"https:\/\/www.escrimepaloise.com\/wordpress\/2023\/10\/13\/journee-nationale-de-larbitrage-et-demonstration-au-conseil-departemental\/","url_meta":{"origin":12191,"position":0},"title":"Journ\u00e9e Nationale de l&rsquo;Arbitrage et D\u00e9monstration au Conseil D\u00e9partemental","author":"Alain","date":"13 octobre 2023","format":false,"excerpt":"Journ\u00e9e bien remplie avec ce matin la JNA, passage de la partie th\u00e9orique du dipl\u00f4me d'arbitre d\u00e9partemental et r\u00e9gional. Puis d\u00e9monstration et initiation l'apr\u00e8s-midi pour la journ\u00e9e olympique du conseil d\u00e9partemental. Merci \u00e0 Tristan et Hugo pour leur pr\u00e9sence.","rel":"","context":"Dans &quot;Non class\u00e9&quot;","block_context":{"text":"Non class\u00e9","link":"https:\/\/www.escrimepaloise.com\/wordpress\/category\/non-classe\/"},"img":{"alt_text":"","src":"https:\/\/i0.wp.com\/www.escrimepaloise.com\/wordpress\/wp-content\/uploads\/2023\/10\/demo-conseil-departemental-2-e1697205017821.jpg?fit=800%2C1067&ssl=1&resize=350%2C200","width":350,"height":200,"srcset":"https:\/\/i0.wp.com\/www.escrimepaloise.com\/wordpress\/wp-content\/uploads\/2023\/10\/demo-conseil-departemental-2-e1697205017821.jpg?fit=800%2C1067&ssl=1&resize=350%2C200 1x, https:\/\/i0.wp.com\/www.escrimepaloise.com\/wordpress\/wp-content\/uploads\/2023\/10\/demo-conseil-departemental-2-e1697205017821.jpg?fit=800%2C1067&ssl=1&resize=525%2C300 1.5x, https:\/\/i0.wp.com\/www.escrimepaloise.com\/wordpress\/wp-content\/uploads\/2023\/10\/demo-conseil-departemental-2-e1697205017821.jpg?fit=800%2C1067&ssl=1&resize=700%2C400 2x"},"classes":[]},{"id":26699,"url":"https:\/\/www.escrimepaloise.com\/wordpress\/2025\/09\/07\/la-section-presente-a-touskiflot-et-a-la-journee-nelson-paillou\/","url_meta":{"origin":12191,"position":1},"title":"La Section pr\u00e9sente \u00e0 Touskiflot et \u00e0 la journ\u00e9e Nelson Paillou","author":"Alain","date":"7 septembre 2025","format":false,"excerpt":"Souvent r\u00e9compens\u00e9e pour ses brillantes victoires nationales et internationales, la Section Paloise Escrime s'est ce week-end particuli\u00e8rement distingu\u00e9e \u00e0 l'occasion de \"Touskiflot\" et \u00e0 la journ\u00e9e Nelson Paillou. Le bateau \"Contre de Quarte\" est mont\u00e9 sur la deuxi\u00e8me marche du podium tandis qu'\u00e0 la journ\u00e9e Nelson Paillou 2 stands repr\u00e9sentaient\u2026","rel":"","context":"Dans &quot;Non class\u00e9&quot;","block_context":{"text":"Non class\u00e9","link":"https:\/\/www.escrimepaloise.com\/wordpress\/category\/non-classe\/"},"img":{"alt_text":"","src":"https:\/\/i0.wp.com\/www.escrimepaloise.com\/wordpress\/wp-content\/uploads\/2025\/09\/touskiflot-1-e1757274825685.jpg?fit=800%2C450&ssl=1&resize=350%2C200","width":350,"height":200,"srcset":"https:\/\/i0.wp.com\/www.escrimepaloise.com\/wordpress\/wp-content\/uploads\/2025\/09\/touskiflot-1-e1757274825685.jpg?fit=800%2C450&ssl=1&resize=350%2C200 1x, https:\/\/i0.wp.com\/www.escrimepaloise.com\/wordpress\/wp-content\/uploads\/2025\/09\/touskiflot-1-e1757274825685.jpg?fit=800%2C450&ssl=1&resize=525%2C300 1.5x, https:\/\/i0.wp.com\/www.escrimepaloise.com\/wordpress\/wp-content\/uploads\/2025\/09\/touskiflot-1-e1757274825685.jpg?fit=800%2C450&ssl=1&resize=700%2C400 2x"},"classes":[]},{"id":26736,"url":"https:\/\/www.escrimepaloise.com\/wordpress\/2025\/09\/29\/journee-nationale-de-larbitrage\/","url_meta":{"origin":12191,"position":2},"title":"Journ\u00e9e Nationale de l&rsquo;Arbitrage","author":"spescrime","date":"29 septembre 2025","format":false,"excerpt":"Ce samedi 12 de nos tireurs ont particip\u00e9 \u00e0 la Journ\u00e9e Nationale de l'Arbitrage. Il s'agit de la partie th\u00e9orique des examens d'arbitres d\u00e9partementaux et r\u00e9gionaux sous forme d'un QCM de 20 questions pour les premiers et de 30 pour les seconds. 2 ont pass\u00e9 l'\u00e9preuve d\u00e9partementale, 6 la r\u00e9gionale\u2026","rel":"","context":"Dans &quot;Non class\u00e9&quot;","block_context":{"text":"Non class\u00e9","link":"https:\/\/www.escrimepaloise.com\/wordpress\/category\/non-classe\/"},"img":{"alt_text":"","src":"https:\/\/i0.wp.com\/www.escrimepaloise.com\/wordpress\/wp-content\/uploads\/2025\/09\/20250927_142248-scaled.jpg?fit=900%2C1200&ssl=1&resize=350%2C200","width":350,"height":200,"srcset":"https:\/\/i0.wp.com\/www.escrimepaloise.com\/wordpress\/wp-content\/uploads\/2025\/09\/20250927_142248-scaled.jpg?fit=900%2C1200&ssl=1&resize=350%2C200 1x, https:\/\/i0.wp.com\/www.escrimepaloise.com\/wordpress\/wp-content\/uploads\/2025\/09\/20250927_142248-scaled.jpg?fit=900%2C1200&ssl=1&resize=525%2C300 1.5x, https:\/\/i0.wp.com\/www.escrimepaloise.com\/wordpress\/wp-content\/uploads\/2025\/09\/20250927_142248-scaled.jpg?fit=900%2C1200&ssl=1&resize=700%2C400 2x"},"classes":[]},{"id":13296,"url":"https:\/\/www.escrimepaloise.com\/wordpress\/2018\/09\/17\/journee-cohesion-a-la-base-deaux-vives\/","url_meta":{"origin":12191,"position":3},"title":"Journ\u00e9e coh\u00e9sion \u00e0 la base d&rsquo;eaux-vives","author":"Alain C.","date":"17 septembre 2018","format":false,"excerpt":"Ce dimanche \u00e0 la base d'eaux-vives sous , la section paloise escrime\u00a0s'\u00e9tait donn\u00e9 rendez-vous pour une journ\u00e9e coh\u00e9sion qui restera dans les m\u00e9moires. Petits et grands ont eu le privil\u00e8ge de descendre en rafting et en hydro-speed le bassin Olympique. L'ambiance \u00e9tait d\u00e9tendue et le\u00a0soleil de plomb.\u00a0Merci Paul pour ton\u2026","rel":"","context":"Dans &quot;Non class\u00e9&quot;","block_context":{"text":"Non class\u00e9","link":"https:\/\/www.escrimepaloise.com\/wordpress\/category\/non-classe\/"},"img":{"alt_text":"","src":"https:\/\/i0.wp.com\/www.escrimepaloise.com\/wordpress\/wp-content\/uploads\/2018\/09\/IMG_0663-e1537175493369.jpg?fit=800%2C600&ssl=1&resize=350%2C200","width":350,"height":200,"srcset":"https:\/\/i0.wp.com\/www.escrimepaloise.com\/wordpress\/wp-content\/uploads\/2018\/09\/IMG_0663-e1537175493369.jpg?fit=800%2C600&ssl=1&resize=350%2C200 1x, https:\/\/i0.wp.com\/www.escrimepaloise.com\/wordpress\/wp-content\/uploads\/2018\/09\/IMG_0663-e1537175493369.jpg?fit=800%2C600&ssl=1&resize=525%2C300 1.5x, https:\/\/i0.wp.com\/www.escrimepaloise.com\/wordpress\/wp-content\/uploads\/2018\/09\/IMG_0663-e1537175493369.jpg?fit=800%2C600&ssl=1&resize=700%2C400 2x"},"classes":[]},{"id":26921,"url":"https:\/\/www.escrimepaloise.com\/wordpress\/2026\/01\/12\/journee-inclusive\/","url_meta":{"origin":12191,"position":4},"title":"Journ\u00e9e inclusive","author":"Alain","date":"12 janvier 2026","format":false,"excerpt":"Dans le cadre des animations propos\u00e9es aux agents de la Ville entre midi et 2 (Pau's Sport), la Section Paloise Escrime a propos\u00e9 une animation escrime Handisport. 2 joueurs du Pau FC s'\u00e9taient joint \u00e0 cette animation qui a eu lieu dans la joie et bonne humeur.","rel":"","context":"Dans &quot;Non class\u00e9&quot;","block_context":{"text":"Non class\u00e9","link":"https:\/\/www.escrimepaloise.com\/wordpress\/category\/non-classe\/"},"img":{"alt_text":"","src":"https:\/\/i0.wp.com\/www.escrimepaloise.com\/wordpress\/wp-content\/uploads\/2026\/01\/inclusion-4-e1768247810300.jpg?fit=800%2C600&ssl=1&resize=350%2C200","width":350,"height":200,"srcset":"https:\/\/i0.wp.com\/www.escrimepaloise.com\/wordpress\/wp-content\/uploads\/2026\/01\/inclusion-4-e1768247810300.jpg?fit=800%2C600&ssl=1&resize=350%2C200 1x, https:\/\/i0.wp.com\/www.escrimepaloise.com\/wordpress\/wp-content\/uploads\/2026\/01\/inclusion-4-e1768247810300.jpg?fit=800%2C600&ssl=1&resize=525%2C300 1.5x, https:\/\/i0.wp.com\/www.escrimepaloise.com\/wordpress\/wp-content\/uploads\/2026\/01\/inclusion-4-e1768247810300.jpg?fit=800%2C600&ssl=1&resize=700%2C400 2x"},"classes":[]},{"id":25996,"url":"https:\/\/www.escrimepaloise.com\/wordpress\/2024\/09\/09\/demo-a-la-journee-nelson-paillou\/","url_meta":{"origin":12191,"position":5},"title":"D\u00e9mo \u00e0 la journ\u00e9e Nelson Paillou","author":"Alain","date":"9 septembre 2024","format":false,"excerpt":"Ce dimanche avait lieu au stade Andr\u00e9 Lavie \u00e0 Pau la traditionnelle journ\u00e9e \"Nelson Paillou\", ancien pr\u00e9sident du CNOSF et grand militant du sport fran\u00e7ais. L'occasion r\u00eav\u00e9e de promouvoir notre discipline apr\u00e8s la belle moisson de m\u00e9dailles r\u00e9colt\u00e9es par l'\u00e9quipe de France aux Jeux de paris. 250 enfants se sont\u2026","rel":"","context":"Dans &quot;Non class\u00e9&quot;","block_context":{"text":"Non class\u00e9","link":"https:\/\/www.escrimepaloise.com\/wordpress\/category\/non-classe\/"},"img":{"alt_text":"","src":"https:\/\/i0.wp.com\/www.escrimepaloise.com\/wordpress\/wp-content\/uploads\/2024\/09\/nelson-paillou-2.jpg?fit=640%2C480&ssl=1&resize=350%2C200","width":350,"height":200,"srcset":"https:\/\/i0.wp.com\/www.escrimepaloise.com\/wordpress\/wp-content\/uploads\/2024\/09\/nelson-paillou-2.jpg?fit=640%2C480&ssl=1&resize=350%2C200 1x, https:\/\/i0.wp.com\/www.escrimepaloise.com\/wordpress\/wp-content\/uploads\/2024\/09\/nelson-paillou-2.jpg?fit=640%2C480&ssl=1&resize=525%2C300 1.5x"},"classes":[]}],"_links":{"self":[{"href":"https:\/\/www.escrimepaloise.com\/wordpress\/wp-json\/wp\/v2\/posts\/12191","targetHints":{"allow":["GET"]}}],"collection":[{"href":"https:\/\/www.escrimepaloise.com\/wordpress\/wp-json\/wp\/v2\/posts"}],"about":[{"href":"https:\/\/www.escrimepaloise.com\/wordpress\/wp-json\/wp\/v2\/types\/post"}],"author":[{"embeddable":true,"href":"https:\/\/www.escrimepaloise.com\/wordpress\/wp-json\/wp\/v2\/users\/6"}],"replies":[{"embeddable":true,"href":"https:\/\/www.escrimepaloise.com\/wordpress\/wp-json\/wp\/v2\/comments?post=12191"}],"version-history":[{"count":1,"href":"https:\/\/www.escrimepaloise.com\/wordpress\/wp-json\/wp\/v2\/posts\/12191\/revisions"}],"predecessor-version":[{"id":12195,"href":"https:\/\/www.escrimepaloise.com\/wordpress\/wp-json\/wp\/v2\/posts\/12191\/revisions\/12195"}],"wp:featuredmedia":[{"embeddable":true,"href":"https:\/\/www.escrimepaloise.com\/wordpress\/wp-json\/wp\/v2\/media\/12194"}],"wp:attachment":[{"href":"https:\/\/www.escrimepaloise.com\/wordpress\/wp-json\/wp\/v2\/media?parent=12191"}],"wp:term":[{"taxonomy":"category","embeddable":true,"href":"https:\/\/www.escrimepaloise.com\/wordpress\/wp-json\/wp\/v2\/categories?post=12191"},{"taxonomy":"post_tag","embeddable":true,"href":"https:\/\/www.escrimepaloise.com\/wordpress\/wp-json\/wp\/v2\/tags?post=12191"}],"curies":[{"name":"wp","href":"https:\/\/api.w.org\/{rel}","templated":true}]}}