{"id":12340,"date":"2016-11-29T13:47:55","date_gmt":"2016-11-29T12:47:55","guid":{"rendered":"http:\/\/www.escrimepaloise.com\/wordpress\/?p=12340"},"modified":"2016-12-01T14:27:29","modified_gmt":"2016-12-01T13:27:29","slug":"les-inter-classes-demarrent","status":"publish","type":"post","link":"https:\/\/www.escrimepaloise.com\/wordpress\/2016\/11\/29\/les-inter-classes-demarrent\/","title":{"rendered":"Les Inter-Classes d\u00e9marrent"},"content":{"rendered":"<p>Premier cycle de rencontres inter-classes qui opposera toute la semaine les \u00e9coles L\u00e9on Say, Les laauriers, Lapuyade et Henri 4. Plus de 300 combats quotidiens dans la salle d&rsquo;armes du H\u00e9das avec un vainqueur bien sur : la bonne humeur dans le respect des r\u00e8gles et de l&rsquo;arbitre. Ce mardi, Eliott Bibi a fait une d\u00e9monstration \u00e0 la classe d&rsquo;Edwige Lacau, directrice de l&rsquo;\u00e9cole Henri 4, ce qui a permis aux enfants d&rsquo;\u00e9changer avec notre jeune champion. <\/p>\n","protected":false},"excerpt":{"rendered":"<p>Premier cycle de rencontres inter-classes qui opposera toute la semaine les \u00e9coles L\u00e9on Say, Les laauriers, Lapuyade et Henri 4. Plus de 300 combats quotidiens dans la salle d&rsquo;armes du H\u00e9das avec un vainqueur bien sur : la bonne humeur dans le respect des r\u00e8gles et de l&rsquo;arbitre. Ce mardi, Eliott Bibi a fait une [&hellip;]<\/p>\n","protected":false},"author":6,"featured_media":12341,"comment_status":"closed","ping_status":"closed","sticky":false,"template":"","format":"standard","meta":{"jetpack_post_was_ever_published":false,"_jetpack_newsletter_access":"","_jetpack_dont_email_post_to_subs":false,"_jetpack_newsletter_tier_id":0,"_jetpack_memberships_contains_paywalled_content":false,"_jetpack_memberships_contains_paid_content":false,"footnotes":"","jetpack_publicize_message":"","jetpack_publicize_feature_enabled":true,"jetpack_social_post_already_shared":false,"jetpack_social_options":{"image_generator_settings":{"template":"highway","default_image_id":0,"font":"","enabled":false},"version":2}},"categories":[1],"tags":[],"class_list":["post-12340","post","type-post","status-publish","format-standard","has-post-thumbnail","hentry","category-non-classe"],"jetpack_publicize_connections":[],"jetpack_featured_media_url":"https:\/\/i0.wp.com\/www.escrimepaloise.com\/wordpress\/wp-content\/uploads\/2016\/11\/20161129_114045-e1480423653833.jpg?fit=800%2C450&ssl=1","jetpack_sharing_enabled":true,"jetpack_shortlink":"https:\/\/wp.me\/p8aWQh-3d2","jetpack-related-posts":[{"id":26637,"url":"https:\/\/www.escrimepaloise.com\/wordpress\/2025\/06\/19\/fin-des-rencontres-inter-classes\/","url_meta":{"origin":12340,"position":0},"title":"Fin des rencontres inter classes","author":"Alain","date":"19 juin 2025","format":false,"excerpt":"Derni\u00e8res inter classes organis\u00e9es cette semaine dans les locaux du gymnase du H\u00e9das avec 8 classes provenant des Lauriers, Trianon, Jean Sarrailh et Stanislas Lavigne. Merci \u00e0 Ruben pour son aide, lui qui a pr\u00e9par\u00e9 les Championnats de France M15 toute la semaine \u00e0 Pau.","rel":"","context":"Dans &quot;Non class\u00e9&quot;","block_context":{"text":"Non class\u00e9","link":"https:\/\/www.escrimepaloise.com\/wordpress\/category\/non-classe\/"},"img":{"alt_text":"","src":"https:\/\/i0.wp.com\/www.escrimepaloise.com\/wordpress\/wp-content\/uploads\/2025\/06\/ecole-fin-e1750366068272.jpg?fit=800%2C600&ssl=1&resize=350%2C200","width":350,"height":200,"srcset":"https:\/\/i0.wp.com\/www.escrimepaloise.com\/wordpress\/wp-content\/uploads\/2025\/06\/ecole-fin-e1750366068272.jpg?fit=800%2C600&ssl=1&resize=350%2C200 1x, https:\/\/i0.wp.com\/www.escrimepaloise.com\/wordpress\/wp-content\/uploads\/2025\/06\/ecole-fin-e1750366068272.jpg?fit=800%2C600&ssl=1&resize=525%2C300 1.5x, https:\/\/i0.wp.com\/www.escrimepaloise.com\/wordpress\/wp-content\/uploads\/2025\/06\/ecole-fin-e1750366068272.jpg?fit=800%2C600&ssl=1&resize=700%2C400 2x"},"classes":[]},{"id":26183,"url":"https:\/\/www.escrimepaloise.com\/wordpress\/2024\/12\/13\/les-inter-classes-au-hedas\/","url_meta":{"origin":12340,"position":1},"title":"Les Inter Classes au H\u00e9das","author":"Alain","date":"13 d\u00e9cembre 2024","format":false,"excerpt":"Toute la semaine au gymnase du H\u00e9das, 200 enfants issus des 4 coins du monde, Nandina park et lapuyade se sont affront\u00e9s au cours des traditionnels inter-classes organis\u00e9s par le ma\u00eetre d'armes Alain Coicaud avec la participation de la Section Paloise, de la Ville de Pau et de l'USEP. Le\u2026","rel":"","context":"Dans &quot;Non class\u00e9&quot;","block_context":{"text":"Non class\u00e9","link":"https:\/\/www.escrimepaloise.com\/wordpress\/category\/non-classe\/"},"img":{"alt_text":"","src":"https:\/\/i0.wp.com\/www.escrimepaloise.com\/wordpress\/wp-content\/uploads\/2024\/12\/interclasse-2-e1734097481886.jpg?fit=800%2C600&ssl=1&resize=350%2C200","width":350,"height":200,"srcset":"https:\/\/i0.wp.com\/www.escrimepaloise.com\/wordpress\/wp-content\/uploads\/2024\/12\/interclasse-2-e1734097481886.jpg?fit=800%2C600&ssl=1&resize=350%2C200 1x, https:\/\/i0.wp.com\/www.escrimepaloise.com\/wordpress\/wp-content\/uploads\/2024\/12\/interclasse-2-e1734097481886.jpg?fit=800%2C600&ssl=1&resize=525%2C300 1.5x, https:\/\/i0.wp.com\/www.escrimepaloise.com\/wordpress\/wp-content\/uploads\/2024\/12\/interclasse-2-e1734097481886.jpg?fit=800%2C600&ssl=1&resize=700%2C400 2x"},"classes":[]},{"id":13574,"url":"https:\/\/www.escrimepaloise.com\/wordpress\/2019\/01\/14\/eurosabre-de-meylan-isere\/","url_meta":{"origin":12340,"position":2},"title":"Eurosabre de Meylan (Is\u00e8re)","author":"Alain C.","date":"14 janvier 2019","format":false,"excerpt":"Ce week-end nos M17 se d\u00e9pla\u00e7aient dans la banlieue grenobloise \u00e0 l'occasion d'une \u00e9preuve de coupe d'Europe. Plateau de qualit\u00e9 pour cette \u00e9dition 2019 avec 126 gar\u00e7ons et 108 filles repr\u00e9sentant 19 nations. Le meilleur r\u00e9sultat est \u00e0 mettre au cr\u00e9dit d'Albin qui termine 9e et premier minime. Henri prend\u2026","rel":"","context":"Dans &quot;Non class\u00e9&quot;","block_context":{"text":"Non class\u00e9","link":"https:\/\/www.escrimepaloise.com\/wordpress\/category\/non-classe\/"},"img":{"alt_text":"","src":"https:\/\/i0.wp.com\/www.escrimepaloise.com\/wordpress\/wp-content\/uploads\/2019\/01\/IMG_1237-e1547468355734.jpg?fit=600%2C800&ssl=1&resize=350%2C200","width":350,"height":200,"srcset":"https:\/\/i0.wp.com\/www.escrimepaloise.com\/wordpress\/wp-content\/uploads\/2019\/01\/IMG_1237-e1547468355734.jpg?fit=600%2C800&ssl=1&resize=350%2C200 1x, https:\/\/i0.wp.com\/www.escrimepaloise.com\/wordpress\/wp-content\/uploads\/2019\/01\/IMG_1237-e1547468355734.jpg?fit=600%2C800&ssl=1&resize=525%2C300 1.5x"},"classes":[]},{"id":24500,"url":"https:\/\/www.escrimepaloise.com\/wordpress\/2021\/08\/23\/les-juniors-champions-de-france\/","url_meta":{"origin":12340,"position":3},"title":"Les juniors Champions de France","author":"Alain","date":"23 ao\u00fbt 2021","format":false,"excerpt":"Les juniors de la Section Paloise ont r\u00e9alis\u00e9 \u00e0 Charleville M\u00e9zi\u00e8res un doubl\u00e9 historique gr\u00e2ce \u00e0 Paco Boureau qui a domin\u00e9 les d\u00e9bats en individuel s'imposant en finale sans coup f\u00e9rir sur un orl\u00e9anais 15 \u00e7 11. Par \u00e9quipes, la section, gr\u00e2ce \u00e0 Paco Boureau, Samuel Jarry, Alex Andreone et\u2026","rel":"","context":"Dans &quot;Non class\u00e9&quot;","block_context":{"text":"Non class\u00e9","link":"https:\/\/www.escrimepaloise.com\/wordpress\/category\/non-classe\/"},"img":{"alt_text":"","src":"https:\/\/i0.wp.com\/www.escrimepaloise.com\/wordpress\/wp-content\/uploads\/2021\/08\/Paco-Podium-3-scaled-e1629716449350.jpg?fit=800%2C437&ssl=1&resize=350%2C200","width":350,"height":200,"srcset":"https:\/\/i0.wp.com\/www.escrimepaloise.com\/wordpress\/wp-content\/uploads\/2021\/08\/Paco-Podium-3-scaled-e1629716449350.jpg?fit=800%2C437&ssl=1&resize=350%2C200 1x, https:\/\/i0.wp.com\/www.escrimepaloise.com\/wordpress\/wp-content\/uploads\/2021\/08\/Paco-Podium-3-scaled-e1629716449350.jpg?fit=800%2C437&ssl=1&resize=525%2C300 1.5x, https:\/\/i0.wp.com\/www.escrimepaloise.com\/wordpress\/wp-content\/uploads\/2021\/08\/Paco-Podium-3-scaled-e1629716449350.jpg?fit=800%2C437&ssl=1&resize=700%2C400 2x"},"classes":[]},{"id":13602,"url":"https:\/\/www.escrimepaloise.com\/wordpress\/2019\/01\/27\/3-palois-a-modling\/","url_meta":{"origin":12340,"position":4},"title":"3 palois \u00e0 Modling","author":"Alain C.","date":"27 janvier 2019","format":false,"excerpt":"3 palois ont particip\u00e9 ce week-end \u00e0 M\u00f6dling en Autriche\u00a0\u00e0 la derni\u00e8re \u00e9preuve s\u00e9lective cadet de l'ann\u00e9e. Dans un contexte tr\u00e8s relev\u00e9 avec notamment la pr\u00e9sence des am\u00e9ricains et des italiens, Garance, Albin et henri ont pass\u00e9 les poules avec respectivement 2, 3 et 4 victoires. Garance perd au premier\u2026","rel":"","context":"Dans &quot;Non class\u00e9&quot;","block_context":{"text":"Non class\u00e9","link":"https:\/\/www.escrimepaloise.com\/wordpress\/category\/non-classe\/"},"img":{"alt_text":"","src":"https:\/\/i0.wp.com\/www.escrimepaloise.com\/wordpress\/wp-content\/uploads\/2019\/01\/garance-e1548607235788.jpg?fit=800%2C607&ssl=1&resize=350%2C200","width":350,"height":200,"srcset":"https:\/\/i0.wp.com\/www.escrimepaloise.com\/wordpress\/wp-content\/uploads\/2019\/01\/garance-e1548607235788.jpg?fit=800%2C607&ssl=1&resize=350%2C200 1x, https:\/\/i0.wp.com\/www.escrimepaloise.com\/wordpress\/wp-content\/uploads\/2019\/01\/garance-e1548607235788.jpg?fit=800%2C607&ssl=1&resize=525%2C300 1.5x, https:\/\/i0.wp.com\/www.escrimepaloise.com\/wordpress\/wp-content\/uploads\/2019\/01\/garance-e1548607235788.jpg?fit=800%2C607&ssl=1&resize=700%2C400 2x"},"classes":[]},{"id":12847,"url":"https:\/\/www.escrimepaloise.com\/wordpress\/2017\/11\/12\/2-palois-sur-le-podium\/","url_meta":{"origin":12340,"position":5},"title":"2 palois sur le podium.","author":"Alain C.","date":"12 novembre 2017","format":false,"excerpt":"Circuit National de sabre cadet. \u00a0 \u00a0 \u00a0 \u00a0 \u00a0 \u00a0 \u00a0 \u00a0Sabre d'or de Tarbes. En terminant 2eme Et 3eme du sabre d'or organis\u00e9 ce week end a Tarbes, Samuel Jarry Et Paco Boureau ont confirm\u00e9 leur performance de l'Eurosabre o\u00f9 ils avaient priS les premi\u00e8res Et troisi\u00e8mes places.\u2026","rel":"","context":"Dans &quot;Non class\u00e9&quot;","block_context":{"text":"Non class\u00e9","link":"https:\/\/www.escrimepaloise.com\/wordpress\/category\/non-classe\/"},"img":{"alt_text":"","src":"https:\/\/i0.wp.com\/www.escrimepaloise.com\/wordpress\/wp-content\/uploads\/2017\/11\/IMG_2871.jpg?fit=720%2C540&ssl=1&resize=350%2C200","width":350,"height":200,"srcset":"https:\/\/i0.wp.com\/www.escrimepaloise.com\/wordpress\/wp-content\/uploads\/2017\/11\/IMG_2871.jpg?fit=720%2C540&ssl=1&resize=350%2C200 1x, https:\/\/i0.wp.com\/www.escrimepaloise.com\/wordpress\/wp-content\/uploads\/2017\/11\/IMG_2871.jpg?fit=720%2C540&ssl=1&resize=525%2C300 1.5x, https:\/\/i0.wp.com\/www.escrimepaloise.com\/wordpress\/wp-content\/uploads\/2017\/11\/IMG_2871.jpg?fit=720%2C540&ssl=1&resize=700%2C400 2x"},"classes":[]}],"_links":{"self":[{"href":"https:\/\/www.escrimepaloise.com\/wordpress\/wp-json\/wp\/v2\/posts\/12340","targetHints":{"allow":["GET"]}}],"collection":[{"href":"https:\/\/www.escrimepaloise.com\/wordpress\/wp-json\/wp\/v2\/posts"}],"about":[{"href":"https:\/\/www.escrimepaloise.com\/wordpress\/wp-json\/wp\/v2\/types\/post"}],"author":[{"embeddable":true,"href":"https:\/\/www.escrimepaloise.com\/wordpress\/wp-json\/wp\/v2\/users\/6"}],"replies":[{"embeddable":true,"href":"https:\/\/www.escrimepaloise.com\/wordpress\/wp-json\/wp\/v2\/comments?post=12340"}],"version-history":[{"count":2,"href":"https:\/\/www.escrimepaloise.com\/wordpress\/wp-json\/wp\/v2\/posts\/12340\/revisions"}],"predecessor-version":[{"id":12351,"href":"https:\/\/www.escrimepaloise.com\/wordpress\/wp-json\/wp\/v2\/posts\/12340\/revisions\/12351"}],"wp:featuredmedia":[{"embeddable":true,"href":"https:\/\/www.escrimepaloise.com\/wordpress\/wp-json\/wp\/v2\/media\/12341"}],"wp:attachment":[{"href":"https:\/\/www.escrimepaloise.com\/wordpress\/wp-json\/wp\/v2\/media?parent=12340"}],"wp:term":[{"taxonomy":"category","embeddable":true,"href":"https:\/\/www.escrimepaloise.com\/wordpress\/wp-json\/wp\/v2\/categories?post=12340"},{"taxonomy":"post_tag","embeddable":true,"href":"https:\/\/www.escrimepaloise.com\/wordpress\/wp-json\/wp\/v2\/tags?post=12340"}],"curies":[{"name":"wp","href":"https:\/\/api.w.org\/{rel}","templated":true}]}}