{"id":12557,"date":"2017-03-08T21:20:19","date_gmt":"2017-03-08T20:20:19","guid":{"rendered":"http:\/\/www.escrimepaloise.com\/wordpress\/?p=12557"},"modified":"2017-03-08T21:20:19","modified_gmt":"2017-03-08T20:20:19","slug":"en-demo-au-conseil-departemental","status":"publish","type":"post","link":"https:\/\/www.escrimepaloise.com\/wordpress\/2017\/03\/08\/en-demo-au-conseil-departemental\/","title":{"rendered":"En d\u00e9mo au conseil d\u00e9partemental"},"content":{"rendered":"<p>A l&rsquo;occasion de la journ\u00e9e de la femme, la section paloise a \u00e9t\u00e9 sollicit\u00e9e pour faire une d\u00e9monstration dans les locaux de la pr\u00e9sidence en pr\u00e9sence des \u00e9lus transfrontaliers fran\u00e7ais et espagnols. J\u00e9romine, Ad\u00e8le et Garance ont propos\u00e9 une d\u00e9monstration de qualit\u00e9, alliant rapidit\u00e9, technique et \u00e9l\u00e9gance. Ce lieu charg\u00e9 de symbole \u00e9tait le cadre id\u00e9al \u00e0 notre sport charg\u00e9 d&rsquo;histoire et de tradition. <\/p>\n","protected":false},"excerpt":{"rendered":"<p>A l&rsquo;occasion de la journ\u00e9e de la femme, la section paloise a \u00e9t\u00e9 sollicit\u00e9e pour faire une d\u00e9monstration dans les locaux de la pr\u00e9sidence en pr\u00e9sence des \u00e9lus transfrontaliers fran\u00e7ais et espagnols. J\u00e9romine, Ad\u00e8le et Garance ont propos\u00e9 une d\u00e9monstration de qualit\u00e9, alliant rapidit\u00e9, technique et \u00e9l\u00e9gance. Ce lieu charg\u00e9 de symbole \u00e9tait le cadre [&hellip;]<\/p>\n","protected":false},"author":6,"featured_media":12558,"comment_status":"closed","ping_status":"closed","sticky":false,"template":"","format":"standard","meta":{"jetpack_post_was_ever_published":false,"_jetpack_newsletter_access":"","_jetpack_dont_email_post_to_subs":false,"_jetpack_newsletter_tier_id":0,"_jetpack_memberships_contains_paywalled_content":false,"_jetpack_memberships_contains_paid_content":false,"footnotes":"","jetpack_publicize_message":"","jetpack_publicize_feature_enabled":true,"jetpack_social_post_already_shared":true,"jetpack_social_options":{"image_generator_settings":{"template":"highway","default_image_id":0,"font":"","enabled":false},"version":2}},"categories":[1],"tags":[],"class_list":["post-12557","post","type-post","status-publish","format-standard","has-post-thumbnail","hentry","category-non-classe"],"jetpack_publicize_connections":[],"jetpack_featured_media_url":"https:\/\/i0.wp.com\/www.escrimepaloise.com\/wordpress\/wp-content\/uploads\/2017\/03\/IMG_20170308_1411541-e1489003727973.jpg?fit=800%2C449&ssl=1","jetpack_sharing_enabled":true,"jetpack_shortlink":"https:\/\/wp.me\/p8aWQh-3gx","jetpack-related-posts":[{"id":13250,"url":"https:\/\/www.escrimepaloise.com\/wordpress\/2018\/09\/05\/en-demonstration-au-stade-du-hameau\/","url_meta":{"origin":12557,"position":0},"title":"En d\u00e9monstration au stade du Hameau","author":"Alain C.","date":"5 septembre 2018","format":false,"excerpt":"A l'occasion du Match Pau-Toulon, toutes les\u00a0disciplines de la section paloise omnisport\u00a0ont propos\u00e9 des d\u00e9monstrations et des initiations.\u00a0Une vingtaine de jeunes ont r\u00e9pondu pr\u00e9sent et ont anim\u00e9 le stand avant et apr\u00e8s\u00a0le match. Albin et Ugo ont fait la haie d'honneur des joueurs tandis que le public avait \u00e9galement la\u2026","rel":"","context":"Dans &quot;Non class\u00e9&quot;","block_context":{"text":"Non class\u00e9","link":"https:\/\/www.escrimepaloise.com\/wordpress\/category\/non-classe\/"},"img":{"alt_text":"","src":"https:\/\/i0.wp.com\/www.escrimepaloise.com\/wordpress\/wp-content\/uploads\/2018\/09\/16c73d0a-1ab6-46ae-a38a-f27c97a67c6a-1-e1536133394725.jpg?fit=800%2C600&ssl=1&resize=350%2C200","width":350,"height":200,"srcset":"https:\/\/i0.wp.com\/www.escrimepaloise.com\/wordpress\/wp-content\/uploads\/2018\/09\/16c73d0a-1ab6-46ae-a38a-f27c97a67c6a-1-e1536133394725.jpg?fit=800%2C600&ssl=1&resize=350%2C200 1x, https:\/\/i0.wp.com\/www.escrimepaloise.com\/wordpress\/wp-content\/uploads\/2018\/09\/16c73d0a-1ab6-46ae-a38a-f27c97a67c6a-1-e1536133394725.jpg?fit=800%2C600&ssl=1&resize=525%2C300 1.5x, https:\/\/i0.wp.com\/www.escrimepaloise.com\/wordpress\/wp-content\/uploads\/2018\/09\/16c73d0a-1ab6-46ae-a38a-f27c97a67c6a-1-e1536133394725.jpg?fit=800%2C600&ssl=1&resize=700%2C400 2x"},"classes":[]},{"id":25500,"url":"https:\/\/www.escrimepaloise.com\/wordpress\/2023\/09\/04\/la-section-en-demo-a-auchan\/","url_meta":{"origin":12557,"position":1},"title":"La Section en d\u00e9mo \u00e0 Auchan","author":"Alain","date":"4 septembre 2023","format":false,"excerpt":"Le week-end dernier avait lieu une d\u00e9monstration \u00e0 Auchan, dirig\u00e9e par Alex Andreone avec notamment Romain Toucouere Schmitz, champion de France M13 en 2022 et qui a \u00e9t\u00e9 d\u00e9tect\u00e9 au cours de cette d\u00e9monstration il y a quelques ann\u00e9es. La rentr\u00e9e de l'escrime aura lieu mercredi 6 \u00e0 14H au\u2026","rel":"","context":"Dans &quot;Non class\u00e9&quot;","block_context":{"text":"Non class\u00e9","link":"https:\/\/www.escrimepaloise.com\/wordpress\/category\/non-classe\/"},"img":{"alt_text":"","src":"https:\/\/i0.wp.com\/www.escrimepaloise.com\/wordpress\/wp-content\/uploads\/2023\/09\/auchan-4.jpg?fit=900%2C1200&ssl=1&resize=350%2C200","width":350,"height":200,"srcset":"https:\/\/i0.wp.com\/www.escrimepaloise.com\/wordpress\/wp-content\/uploads\/2023\/09\/auchan-4.jpg?fit=900%2C1200&ssl=1&resize=350%2C200 1x, https:\/\/i0.wp.com\/www.escrimepaloise.com\/wordpress\/wp-content\/uploads\/2023\/09\/auchan-4.jpg?fit=900%2C1200&ssl=1&resize=525%2C300 1.5x, https:\/\/i0.wp.com\/www.escrimepaloise.com\/wordpress\/wp-content\/uploads\/2023\/09\/auchan-4.jpg?fit=900%2C1200&ssl=1&resize=700%2C400 2x"},"classes":[]},{"id":24464,"url":"https:\/\/www.escrimepaloise.com\/wordpress\/2021\/03\/29\/sam-en-demonstration-a-lecole-gaston-phoebus\/","url_meta":{"origin":12557,"position":2},"title":"Sam en d\u00e9monstration \u00e0 l&rsquo;\u00e9cole Gaston Phoebus","author":"Alain","date":"29 mars 2021","format":false,"excerpt":"R\u00e9cemment s\u00e9lectionn\u00e9 aux championnats du monde juniors, Samuel Jarry, qui a commenc\u00e9 l'escrime \u00e0 l'\u00e9cole Gaston Phoebus dans le cadre scolaire, a r\u00e9alis\u00e9 une d\u00e9monstration avant de rejoindre Le Caire. Samuel a donn\u00e9 de son temps pour r\u00e9pondre \u00e0 des \u00e9l\u00e8ves tr\u00e8s curieux du quotidien d'un sportif de haut-niveau. Fran\u00e7ois\u2026","rel":"","context":"Dans &quot;Non class\u00e9&quot;","block_context":{"text":"Non class\u00e9","link":"https:\/\/www.escrimepaloise.com\/wordpress\/category\/non-classe\/"},"img":{"alt_text":"","src":"https:\/\/i0.wp.com\/www.escrimepaloise.com\/wordpress\/wp-content\/uploads\/2021\/03\/sam-gaston-phoebus-21-scaled-e1617042659959.jpg?fit=800%2C600&ssl=1&resize=350%2C200","width":350,"height":200,"srcset":"https:\/\/i0.wp.com\/www.escrimepaloise.com\/wordpress\/wp-content\/uploads\/2021\/03\/sam-gaston-phoebus-21-scaled-e1617042659959.jpg?fit=800%2C600&ssl=1&resize=350%2C200 1x, https:\/\/i0.wp.com\/www.escrimepaloise.com\/wordpress\/wp-content\/uploads\/2021\/03\/sam-gaston-phoebus-21-scaled-e1617042659959.jpg?fit=800%2C600&ssl=1&resize=525%2C300 1.5x, https:\/\/i0.wp.com\/www.escrimepaloise.com\/wordpress\/wp-content\/uploads\/2021\/03\/sam-gaston-phoebus-21-scaled-e1617042659959.jpg?fit=800%2C600&ssl=1&resize=700%2C400 2x"},"classes":[]},{"id":25573,"url":"https:\/\/www.escrimepaloise.com\/wordpress\/2023\/10\/13\/journee-nationale-de-larbitrage-et-demonstration-au-conseil-departemental\/","url_meta":{"origin":12557,"position":3},"title":"Journ\u00e9e Nationale de l&rsquo;Arbitrage et D\u00e9monstration au Conseil D\u00e9partemental","author":"Alain","date":"13 octobre 2023","format":false,"excerpt":"Journ\u00e9e bien remplie avec ce matin la JNA, passage de la partie th\u00e9orique du dipl\u00f4me d'arbitre d\u00e9partemental et r\u00e9gional. Puis d\u00e9monstration et initiation l'apr\u00e8s-midi pour la journ\u00e9e olympique du conseil d\u00e9partemental. Merci \u00e0 Tristan et Hugo pour leur pr\u00e9sence.","rel":"","context":"Dans &quot;Non class\u00e9&quot;","block_context":{"text":"Non class\u00e9","link":"https:\/\/www.escrimepaloise.com\/wordpress\/category\/non-classe\/"},"img":{"alt_text":"","src":"https:\/\/i0.wp.com\/www.escrimepaloise.com\/wordpress\/wp-content\/uploads\/2023\/10\/demo-conseil-departemental-2-e1697205017821.jpg?fit=800%2C1067&ssl=1&resize=350%2C200","width":350,"height":200,"srcset":"https:\/\/i0.wp.com\/www.escrimepaloise.com\/wordpress\/wp-content\/uploads\/2023\/10\/demo-conseil-departemental-2-e1697205017821.jpg?fit=800%2C1067&ssl=1&resize=350%2C200 1x, https:\/\/i0.wp.com\/www.escrimepaloise.com\/wordpress\/wp-content\/uploads\/2023\/10\/demo-conseil-departemental-2-e1697205017821.jpg?fit=800%2C1067&ssl=1&resize=525%2C300 1.5x, https:\/\/i0.wp.com\/www.escrimepaloise.com\/wordpress\/wp-content\/uploads\/2023\/10\/demo-conseil-departemental-2-e1697205017821.jpg?fit=800%2C1067&ssl=1&resize=700%2C400 2x"},"classes":[]},{"id":13287,"url":"https:\/\/www.escrimepaloise.com\/wordpress\/2018\/09\/17\/la-section-presente-a-vitalsport\/","url_meta":{"origin":12557,"position":4},"title":"La Section pr\u00e9sente \u00e0 VITALSPORT","author":"Alain C.","date":"17 septembre 2018","format":false,"excerpt":"Ce samedi, D\u00e9cathlon organisait comme tous les ans le Vitalsport, manifestation r\u00e9unissant de nombreux sports dont l'escrime. Ugo, Pierre et Laurent\u00a0ont particip\u00e9 \u00e0 cette journ\u00e9e d'initiation et ont propos\u00e9 en fin d'apr\u00e8s-midi une d\u00e9monstration appr\u00e9ci\u00e9e de tous.\u00a0De quoi susciter peut-\u00eatre quelques vocations.","rel":"","context":"Dans &quot;Non class\u00e9&quot;","block_context":{"text":"Non class\u00e9","link":"https:\/\/www.escrimepaloise.com\/wordpress\/category\/non-classe\/"},"img":{"alt_text":"","src":"https:\/\/i0.wp.com\/www.escrimepaloise.com\/wordpress\/wp-content\/uploads\/2018\/09\/IMG_0636.jpg?fit=480%2C360&ssl=1&resize=350%2C200","width":350,"height":200},"classes":[]},{"id":13281,"url":"https:\/\/www.escrimepaloise.com\/wordpress\/2018\/09\/10\/en-demo-a-auchan-2\/","url_meta":{"origin":12557,"position":5},"title":"En d\u00e9mo \u00e0 Auchan","author":"Alain C.","date":"10 septembre 2018","format":false,"excerpt":"Ce samedi, le magasin Auchan nous avait sollicit\u00e9 pour faire une d\u00e9monstration d'escrime. Un grand merci \u00e0 Samuel, Paco et Charly encadr\u00e9s de mains de Ma\u00eetre par Alex.","rel":"","context":"Dans &quot;Non class\u00e9&quot;","block_context":{"text":"Non class\u00e9","link":"https:\/\/www.escrimepaloise.com\/wordpress\/category\/non-classe\/"},"img":{"alt_text":"","src":"https:\/\/i0.wp.com\/www.escrimepaloise.com\/wordpress\/wp-content\/uploads\/2018\/09\/IMG_0609-e1536564829841.jpg?fit=800%2C600&ssl=1&resize=350%2C200","width":350,"height":200,"srcset":"https:\/\/i0.wp.com\/www.escrimepaloise.com\/wordpress\/wp-content\/uploads\/2018\/09\/IMG_0609-e1536564829841.jpg?fit=800%2C600&ssl=1&resize=350%2C200 1x, https:\/\/i0.wp.com\/www.escrimepaloise.com\/wordpress\/wp-content\/uploads\/2018\/09\/IMG_0609-e1536564829841.jpg?fit=800%2C600&ssl=1&resize=525%2C300 1.5x, https:\/\/i0.wp.com\/www.escrimepaloise.com\/wordpress\/wp-content\/uploads\/2018\/09\/IMG_0609-e1536564829841.jpg?fit=800%2C600&ssl=1&resize=700%2C400 2x"},"classes":[]}],"_links":{"self":[{"href":"https:\/\/www.escrimepaloise.com\/wordpress\/wp-json\/wp\/v2\/posts\/12557","targetHints":{"allow":["GET"]}}],"collection":[{"href":"https:\/\/www.escrimepaloise.com\/wordpress\/wp-json\/wp\/v2\/posts"}],"about":[{"href":"https:\/\/www.escrimepaloise.com\/wordpress\/wp-json\/wp\/v2\/types\/post"}],"author":[{"embeddable":true,"href":"https:\/\/www.escrimepaloise.com\/wordpress\/wp-json\/wp\/v2\/users\/6"}],"replies":[{"embeddable":true,"href":"https:\/\/www.escrimepaloise.com\/wordpress\/wp-json\/wp\/v2\/comments?post=12557"}],"version-history":[{"count":1,"href":"https:\/\/www.escrimepaloise.com\/wordpress\/wp-json\/wp\/v2\/posts\/12557\/revisions"}],"predecessor-version":[{"id":12561,"href":"https:\/\/www.escrimepaloise.com\/wordpress\/wp-json\/wp\/v2\/posts\/12557\/revisions\/12561"}],"wp:featuredmedia":[{"embeddable":true,"href":"https:\/\/www.escrimepaloise.com\/wordpress\/wp-json\/wp\/v2\/media\/12558"}],"wp:attachment":[{"href":"https:\/\/www.escrimepaloise.com\/wordpress\/wp-json\/wp\/v2\/media?parent=12557"}],"wp:term":[{"taxonomy":"category","embeddable":true,"href":"https:\/\/www.escrimepaloise.com\/wordpress\/wp-json\/wp\/v2\/categories?post=12557"},{"taxonomy":"post_tag","embeddable":true,"href":"https:\/\/www.escrimepaloise.com\/wordpress\/wp-json\/wp\/v2\/tags?post=12557"}],"curies":[{"name":"wp","href":"https:\/\/api.w.org\/{rel}","templated":true}]}}