{"id":13030,"date":"2018-02-07T09:43:41","date_gmt":"2018-02-07T08:43:41","guid":{"rendered":"http:\/\/www.escrimepaloise.com\/wordpress\/?p=13030"},"modified":"2018-02-07T09:44:58","modified_gmt":"2018-02-07T08:44:58","slug":"lequipe-du-chili-en-visite-a-pau-2","status":"publish","type":"post","link":"https:\/\/www.escrimepaloise.com\/wordpress\/2018\/02\/07\/lequipe-du-chili-en-visite-a-pau-2\/","title":{"rendered":"L\u2019\u00e9quipe du Chili en visite \u00e0 Pau"},"content":{"rendered":"<div>Depuis 10 jours maintenant, les huit meilleurs escrimeurs \u00a0chiliens cadets-juniors sentrainent \u00e0 la salle d\u2019armes du Hedas \u00e0 Pau. Apr\u00e8s Budapest et la cit\u00e9 royale, direction Dourdan pour une coupe du monde juniors au sabre puis Madrid et enfin V\u00e9rone pour les championnats du monde. Raul Peinador et Felipe Goler les entra\u00eeneurs sont enchant\u00e9s de la qualit\u00e9 des installations et de l\u2019opposition des sabreurs palois. Ces \u00e9changes sont tr\u00e8s enrichissants pour nos tireurs et nous esp\u00e9rons les d\u00e9velopper avec qui sait peut \u00eatre un jour un match retour \u00e0 Santiago de Chile.<\/div>\n<p><img decoding=\"async\" class=\"yiv1753858354ymail-preserve-class yiv1753858354inline-image-guid-D8D30F59-2964-4515-AB72-53563007FABB yiv1753858354rte-inline-saved-image\" src=\"https:\/\/dl-mail.ymail.com\/ws\/download\/mailboxes\/@.id==VjN-M8eVC70hcreBRr0365hGHgDCGCaRplj_WrdcNW5wkGwWZilClNvg5cb0eXCbnpcVvJ_josKc0NTe5reqVcg1QQ\/messages\/@.id==AGgk5C4AAALiWnn3pAQLKFpXu8E\/content\/parts\/@.id==2\/raw?appid=YMailNorrin&amp;ymreqid=32913b64-fec4-dc0c-1cc0-c90002019d00&amp;token=zitEzqOML3j84e6ealFTT5U7-km5qEQF52lp7AcCuBY44uzujjH1X-VLNntIlifl3LYjA3Tt4kCbHsxCRBPgKSPum-JseM0khBEPbpBXZABOG87BJ_cnZtxJMFC4LO1L\" alt=\"Image en ligne\" \/><\/p>\n","protected":false},"excerpt":{"rendered":"<p>Depuis 10 jours maintenant, les huit meilleurs escrimeurs \u00a0chiliens cadets-juniors sentrainent \u00e0 la salle d\u2019armes du Hedas \u00e0 Pau. Apr\u00e8s Budapest et la cit\u00e9 royale, direction Dourdan pour une coupe du monde juniors au sabre puis Madrid et enfin V\u00e9rone pour les championnats du monde. Raul Peinador et Felipe Goler les entra\u00eeneurs sont enchant\u00e9s de [&hellip;]<\/p>\n","protected":false},"author":6,"featured_media":13031,"comment_status":"closed","ping_status":"closed","sticky":false,"template":"","format":"standard","meta":{"jetpack_post_was_ever_published":false,"_jetpack_newsletter_access":"","_jetpack_dont_email_post_to_subs":false,"_jetpack_newsletter_tier_id":0,"_jetpack_memberships_contains_paywalled_content":false,"_jetpack_memberships_contains_paid_content":false,"footnotes":"","jetpack_publicize_message":"","jetpack_publicize_feature_enabled":true,"jetpack_social_post_already_shared":true,"jetpack_social_options":{"image_generator_settings":{"template":"highway","default_image_id":0,"font":"","enabled":false},"version":2}},"categories":[1],"tags":[],"class_list":["post-13030","post","type-post","status-publish","format-standard","has-post-thumbnail","hentry","category-non-classe"],"jetpack_publicize_connections":[],"jetpack_featured_media_url":"https:\/\/i0.wp.com\/www.escrimepaloise.com\/wordpress\/wp-content\/uploads\/2018\/02\/chiliens-e1517993001159.jpeg?fit=800%2C600&ssl=1","jetpack_sharing_enabled":true,"jetpack_shortlink":"https:\/\/wp.me\/p8aWQh-3oa","jetpack-related-posts":[{"id":13655,"url":"https:\/\/www.escrimepaloise.com\/wordpress\/2019\/02\/12\/5-sectionnistes-en-coupe-du-monde-juniors\/","url_meta":{"origin":13030,"position":0},"title":"5 sectionnistes en coupe du monde juniors","author":"Alain C.","date":"12 f\u00e9vrier 2019","format":false,"excerpt":"\u00a0 Ce week-end \u00e0 Dourdan se d\u00e9roulera la coupe du monde juniors au sabre, s\u00e9lective pour les championnats d'Europe qui auront lieu cette ann\u00e9e\u00a0\u00e0 Foggia en Italie \u00e0 la fin du mois. Sur les 20 fran\u00e7ais s\u00e9lectionn\u00e9s, 5 sont palois, ce qui repr\u00e9sente 1\/4 de la d\u00e9l\u00e9gation tricolore. On retrouvera\u2026","rel":"","context":"Dans &quot;Non class\u00e9&quot;","block_context":{"text":"Non class\u00e9","link":"https:\/\/www.escrimepaloise.com\/wordpress\/category\/non-classe\/"},"img":{"alt_text":"","src":"https:\/\/i0.wp.com\/www.escrimepaloise.com\/wordpress\/wp-content\/uploads\/2019\/02\/IMG_1521-e1549987834236.jpg?fit=800%2C600&ssl=1&resize=350%2C200","width":350,"height":200,"srcset":"https:\/\/i0.wp.com\/www.escrimepaloise.com\/wordpress\/wp-content\/uploads\/2019\/02\/IMG_1521-e1549987834236.jpg?fit=800%2C600&ssl=1&resize=350%2C200 1x, https:\/\/i0.wp.com\/www.escrimepaloise.com\/wordpress\/wp-content\/uploads\/2019\/02\/IMG_1521-e1549987834236.jpg?fit=800%2C600&ssl=1&resize=525%2C300 1.5x, https:\/\/i0.wp.com\/www.escrimepaloise.com\/wordpress\/wp-content\/uploads\/2019\/02\/IMG_1521-e1549987834236.jpg?fit=800%2C600&ssl=1&resize=700%2C400 2x"},"classes":[]},{"id":24704,"url":"https:\/\/www.escrimepaloise.com\/wordpress\/2022\/02\/10\/ugo-latapy-selectionne-aux-championnats-deurope-et-championnats-du-monde-juniors\/","url_meta":{"origin":13030,"position":1},"title":"Ugo Latapy s\u00e9lectionn\u00e9 aux championnats d&rsquo;Europe et championnats du monde Juniors","author":"Alain","date":"10 f\u00e9vrier 2022","format":false,"excerpt":"Encore une grande nouvelle pour la Section Paloise Escrime. Ugo Latapy r\u00e9alise l'exploit de se s\u00e9lectionner aux championnats d'Europe juniors qui auront lieu \u00e0 Novi Sad en Serbie \u00e0 la fin du mois et aux championnats du monde mi-mars \u00e0 Dubai. Champion d'Europe cadet avec l'\u00e9quipe de France \u00e0 Porec\u2026","rel":"","context":"Dans &quot;Non class\u00e9&quot;","block_context":{"text":"Non class\u00e9","link":"https:\/\/www.escrimepaloise.com\/wordpress\/category\/non-classe\/"},"img":{"alt_text":"","src":"https:\/\/i0.wp.com\/www.escrimepaloise.com\/wordpress\/wp-content\/uploads\/2022\/02\/Ugo-3.jpg?fit=526%2C810&ssl=1&resize=350%2C200","width":350,"height":200,"srcset":"https:\/\/i0.wp.com\/www.escrimepaloise.com\/wordpress\/wp-content\/uploads\/2022\/02\/Ugo-3.jpg?fit=526%2C810&ssl=1&resize=350%2C200 1x, https:\/\/i0.wp.com\/www.escrimepaloise.com\/wordpress\/wp-content\/uploads\/2022\/02\/Ugo-3.jpg?fit=526%2C810&ssl=1&resize=525%2C300 1.5x"},"classes":[]},{"id":13650,"url":"https:\/\/www.escrimepaloise.com\/wordpress\/2019\/02\/07\/la-section-paloise-fete-eliott-bibi\/","url_meta":{"origin":13030,"position":2},"title":"La section Paloise f\u00eate Eliott Bibi","author":"Alain C.","date":"7 f\u00e9vrier 2019","format":false,"excerpt":"De retour \u00e0 Pau pour une semaine de vacances, Eliott Bibi a re\u00e7u officiellement des mains d\u2019Eric Saubatte, adjoint au sport de la ville de Pau, le troph\u00e9e OMS r\u00e9compensant le sportif de l\u2019ann\u00e9e 2018. Eliott profite de son passage \u00e0 Pau pour r\u00e9viser ses gammes en pr\u00e9vision des futures\u2026","rel":"","context":"Dans &quot;Non class\u00e9&quot;","block_context":{"text":"Non class\u00e9","link":"https:\/\/www.escrimepaloise.com\/wordpress\/category\/non-classe\/"},"img":{"alt_text":"","src":"https:\/\/i0.wp.com\/www.escrimepaloise.com\/wordpress\/wp-content\/uploads\/2019\/02\/saubatte-Eliott.jpg?fit=652%2C960&ssl=1&resize=350%2C200","width":350,"height":200,"srcset":"https:\/\/i0.wp.com\/www.escrimepaloise.com\/wordpress\/wp-content\/uploads\/2019\/02\/saubatte-Eliott.jpg?fit=652%2C960&ssl=1&resize=350%2C200 1x, https:\/\/i0.wp.com\/www.escrimepaloise.com\/wordpress\/wp-content\/uploads\/2019\/02\/saubatte-Eliott.jpg?fit=652%2C960&ssl=1&resize=525%2C300 1.5x"},"classes":[]},{"id":25267,"url":"https:\/\/www.escrimepaloise.com\/wordpress\/2023\/03\/29\/en-route-pour-les-monde\/","url_meta":{"origin":13030,"position":3},"title":"En route pour les Monde","author":"Alain","date":"29 mars 2023","format":false,"excerpt":"\u00a0 Derni\u00e8re ligne droite avant les championnats du monde d'escrime cadets-juniors qui se d\u00e9rouleront \u00e0 Plovdiv en Bulgarie \u00e0 partir de samedi. 4 palois sont s\u00e9lectionn\u00e9s avec Tom Couderc derni\u00e8rement m\u00e9daill\u00e9 aux championnats d'Europe cadets et qui aura \u00e0 c\u0153ur de confirmer. De son c\u00f4t\u00e9 Fran\u00e7ois Maruelle tirera l'\u00e9preuve individuelle\u2026","rel":"","context":"Dans &quot;Non class\u00e9&quot;","block_context":{"text":"Non class\u00e9","link":"https:\/\/www.escrimepaloise.com\/wordpress\/category\/non-classe\/"},"img":{"alt_text":"","src":"https:\/\/i0.wp.com\/www.escrimepaloise.com\/wordpress\/wp-content\/uploads\/2023\/03\/plovdiv-2-scaled-e1680120339627.jpg?fit=800%2C1067&ssl=1&resize=350%2C200","width":350,"height":200,"srcset":"https:\/\/i0.wp.com\/www.escrimepaloise.com\/wordpress\/wp-content\/uploads\/2023\/03\/plovdiv-2-scaled-e1680120339627.jpg?fit=800%2C1067&ssl=1&resize=350%2C200 1x, https:\/\/i0.wp.com\/www.escrimepaloise.com\/wordpress\/wp-content\/uploads\/2023\/03\/plovdiv-2-scaled-e1680120339627.jpg?fit=800%2C1067&ssl=1&resize=525%2C300 1.5x, https:\/\/i0.wp.com\/www.escrimepaloise.com\/wordpress\/wp-content\/uploads\/2023\/03\/plovdiv-2-scaled-e1680120339627.jpg?fit=800%2C1067&ssl=1&resize=700%2C400 2x"},"classes":[]},{"id":14159,"url":"https:\/\/www.escrimepaloise.com\/wordpress\/2019\/12\/02\/nos-sabreurs-en-verve-a-eislingen-et-a-seyssins\/","url_meta":{"origin":13030,"position":4},"title":"Nos sabreurs en verve \u00e0 Eislingen et \u00e0 Seyssins","author":"Alain C.","date":"2 d\u00e9cembre 2019","format":false,"excerpt":"Encore un grand week-end pour nos escrimeurs engag\u00e9s en coupe d'Europe cadet \u00e0 Eislingen et en circuit national s\u00e9niors \u00e0 Seyssins en banlieue grenobloise. Tout d'abord en Allemagne avec 4 engag\u00e9s dans un contexte international tr\u00e8s relev\u00e9 (quelques 200 participants filles et gar\u00e7ons avec les meilleurs nations dont les italiens,\u2026","rel":"","context":"Dans &quot;Non class\u00e9&quot;","block_context":{"text":"Non class\u00e9","link":"https:\/\/www.escrimepaloise.com\/wordpress\/category\/non-classe\/"},"img":{"alt_text":"","src":"https:\/\/i0.wp.com\/www.escrimepaloise.com\/wordpress\/wp-content\/uploads\/2019\/12\/IMG_3557.jpg?fit=720%2C960&ssl=1&resize=350%2C200","width":350,"height":200,"srcset":"https:\/\/i0.wp.com\/www.escrimepaloise.com\/wordpress\/wp-content\/uploads\/2019\/12\/IMG_3557.jpg?fit=720%2C960&ssl=1&resize=350%2C200 1x, https:\/\/i0.wp.com\/www.escrimepaloise.com\/wordpress\/wp-content\/uploads\/2019\/12\/IMG_3557.jpg?fit=720%2C960&ssl=1&resize=525%2C300 1.5x, https:\/\/i0.wp.com\/www.escrimepaloise.com\/wordpress\/wp-content\/uploads\/2019\/12\/IMG_3557.jpg?fit=720%2C960&ssl=1&resize=700%2C400 2x"},"classes":[]},{"id":25826,"url":"https:\/\/www.escrimepaloise.com\/wordpress\/2024\/04\/23\/roxane-chabrol-championne-du-monde\/","url_meta":{"origin":13030,"position":5},"title":"Roxane Chabrol Championne du Monde","author":"Alain","date":"23 avril 2024","format":false,"excerpt":"C\u2019est \u00e0 Riyad en Arabie Saoudite qu\u2019avait lieu toute la semaine derni\u00e8re et jusqu\u2019\u00e0 ce week end les Championnats du Monde Cadets et Juniors d\u2019Escrime. La FFE avait d\u00e9cid\u00e9 d\u2019envoyer que les Juniors, et deux tireurs de la Section paloise Escrime y participaient\u00a0:\u00a0Roxane Chabrol et Tom Couderc. C\u2019est aux dames\u2026","rel":"","context":"Dans &quot;Non class\u00e9&quot;","block_context":{"text":"Non class\u00e9","link":"https:\/\/www.escrimepaloise.com\/wordpress\/category\/non-classe\/"},"img":{"alt_text":"","src":"https:\/\/i0.wp.com\/www.escrimepaloise.com\/wordpress\/wp-content\/uploads\/2024\/04\/Riyad-2-e1713881015230.jpg?fit=800%2C724&ssl=1&resize=350%2C200","width":350,"height":200,"srcset":"https:\/\/i0.wp.com\/www.escrimepaloise.com\/wordpress\/wp-content\/uploads\/2024\/04\/Riyad-2-e1713881015230.jpg?fit=800%2C724&ssl=1&resize=350%2C200 1x, https:\/\/i0.wp.com\/www.escrimepaloise.com\/wordpress\/wp-content\/uploads\/2024\/04\/Riyad-2-e1713881015230.jpg?fit=800%2C724&ssl=1&resize=525%2C300 1.5x, https:\/\/i0.wp.com\/www.escrimepaloise.com\/wordpress\/wp-content\/uploads\/2024\/04\/Riyad-2-e1713881015230.jpg?fit=800%2C724&ssl=1&resize=700%2C400 2x"},"classes":[]}],"_links":{"self":[{"href":"https:\/\/www.escrimepaloise.com\/wordpress\/wp-json\/wp\/v2\/posts\/13030","targetHints":{"allow":["GET"]}}],"collection":[{"href":"https:\/\/www.escrimepaloise.com\/wordpress\/wp-json\/wp\/v2\/posts"}],"about":[{"href":"https:\/\/www.escrimepaloise.com\/wordpress\/wp-json\/wp\/v2\/types\/post"}],"author":[{"embeddable":true,"href":"https:\/\/www.escrimepaloise.com\/wordpress\/wp-json\/wp\/v2\/users\/6"}],"replies":[{"embeddable":true,"href":"https:\/\/www.escrimepaloise.com\/wordpress\/wp-json\/wp\/v2\/comments?post=13030"}],"version-history":[{"count":1,"href":"https:\/\/www.escrimepaloise.com\/wordpress\/wp-json\/wp\/v2\/posts\/13030\/revisions"}],"predecessor-version":[{"id":13032,"href":"https:\/\/www.escrimepaloise.com\/wordpress\/wp-json\/wp\/v2\/posts\/13030\/revisions\/13032"}],"wp:featuredmedia":[{"embeddable":true,"href":"https:\/\/www.escrimepaloise.com\/wordpress\/wp-json\/wp\/v2\/media\/13031"}],"wp:attachment":[{"href":"https:\/\/www.escrimepaloise.com\/wordpress\/wp-json\/wp\/v2\/media?parent=13030"}],"wp:term":[{"taxonomy":"category","embeddable":true,"href":"https:\/\/www.escrimepaloise.com\/wordpress\/wp-json\/wp\/v2\/categories?post=13030"},{"taxonomy":"post_tag","embeddable":true,"href":"https:\/\/www.escrimepaloise.com\/wordpress\/wp-json\/wp\/v2\/tags?post=13030"}],"curies":[{"name":"wp","href":"https:\/\/api.w.org\/{rel}","templated":true}]}}