{"id":13157,"date":"2018-05-06T19:09:33","date_gmt":"2018-05-06T17:09:33","guid":{"rendered":"http:\/\/www.escrimepaloise.com\/wordpress\/?p=13157"},"modified":"2018-05-06T19:09:33","modified_gmt":"2018-05-06T17:09:33","slug":"la-section-en-reconstruction","status":"publish","type":"post","link":"https:\/\/www.escrimepaloise.com\/wordpress\/2018\/05\/06\/la-section-en-reconstruction\/","title":{"rendered":"La section en reconstruction."},"content":{"rendered":"<p>Ce week-end se d\u00e9roulait \u00e0 Charleville Mezieres les championnats de France seniors au sabre. Avec une \u00e9quipe tr\u00e8s rajeunie suite \u00e0 l\u2019arr\u00eat de Romain Miramon et \u00e0 l\u2019abscence d\u2019Alban Berges retenu pour ses \u00e9tudes, la section paloise escrime a ch\u00e8rement d\u00e9fendu sa peau en obtenant une bonne cinqui\u00e8me place dans un championnat \u00c9lite des plus relev\u00e9s. Eliott Bibi, S\u00e9bastien Cuellar, Clement Cambeilh et Samuel Jarry n\u2019ont pas \u00e0 rougir de leur d\u00e9faite en quart de finale sur l\u2019\u00e9quipe de Tours 45 \u00e0 43 avec 3 tireurs s\u2019entra\u00eenant \u00e0 l\u2019Insep (Centre d\u2019entra\u00eenement national), \u00e9quipe renforc\u00e9e par Gordon Shaul, international canadien. Le coup est pass\u00e9 pr\u00e8s, Sebastian Cuellar recollant au score dans le dernier relais mais \u00e9chouant par manque d\u2019audace dans les 2 derni\u00e8res touches d\u00e9cisives. En match de classement, nos sectionnistes sont all\u00e9s cherch\u00e9s la cinqui\u00e8me place sur les \u00e9quipes de Clamart et Roubaix, avec un bel \u00e9tat d\u2019esprit malgr\u00e9 le manque d\u2019enjeu. En individuel, la bonne surprise est venue de nos 2 cadets. Paco Boureau et Samuel Jarry qui r\u00e9alisent un magnifique doubl\u00e9 en deuxi\u00e8me division et deviennent donc champion de France et vice champion de France. En premi\u00e8re division, Eliott Bibi \u00e9choue comme l\u2019an dernier en quart de finale sur Vincent Anstett, num\u00e9ro 1 francais 15 a 10. Notre palois a fait jeu \u00e9gal une grande partie du match mais a manqu\u00e9 de maturit\u00e9 dans les moments d\u00e9cisifs. Enfin chez les filles, la meilleure performance est \u00e0 mettre au cr\u00e9dit de Jeromine Massou qui finit 17 eme en premi\u00e8re division, Marie Delas se classant 26 eme.<\/p>\n","protected":false},"excerpt":{"rendered":"<p>Ce week-end se d\u00e9roulait \u00e0 Charleville Mezieres les championnats de France seniors au sabre. Avec une \u00e9quipe tr\u00e8s rajeunie suite \u00e0 l\u2019arr\u00eat de Romain Miramon et \u00e0 l\u2019abscence d\u2019Alban Berges retenu pour ses \u00e9tudes, la section paloise escrime a ch\u00e8rement d\u00e9fendu sa peau en obtenant une bonne cinqui\u00e8me place dans un championnat \u00c9lite des plus [&hellip;]<\/p>\n","protected":false},"author":1,"featured_media":13158,"comment_status":"closed","ping_status":"closed","sticky":false,"template":"","format":"standard","meta":{"jetpack_post_was_ever_published":false,"_jetpack_newsletter_access":"","_jetpack_dont_email_post_to_subs":false,"_jetpack_newsletter_tier_id":0,"_jetpack_memberships_contains_paywalled_content":false,"_jetpack_memberships_contains_paid_content":false,"footnotes":"","jetpack_publicize_message":"","jetpack_publicize_feature_enabled":true,"jetpack_social_post_already_shared":true,"jetpack_social_options":{"image_generator_settings":{"template":"highway","default_image_id":0,"font":"","enabled":false},"version":2}},"categories":[1],"tags":[],"class_list":["post-13157","post","type-post","status-publish","format-standard","has-post-thumbnail","hentry","category-non-classe"],"jetpack_publicize_connections":[],"jetpack_featured_media_url":"https:\/\/i0.wp.com\/www.escrimepaloise.com\/wordpress\/wp-content\/uploads\/2018\/05\/IMG_0097.jpg?fit=4032%2C3024&ssl=1","jetpack_sharing_enabled":true,"jetpack_shortlink":"https:\/\/wp.me\/p8aWQh-3qd","jetpack-related-posts":[{"id":14214,"url":"https:\/\/www.escrimepaloise.com\/wordpress\/2020\/01\/27\/eliott-bibi-sur-le-podium\/","url_meta":{"origin":13157,"position":0},"title":"Eliott Bibi sur le podium","author":"Alain C.","date":"27 janvier 2020","format":false,"excerpt":"Ce week-end \u00e0 Roubaix avait lieu la demi finale des championnats de France s\u00e9niors individuel et par \u00e9quipes. De nombreux \u00e9trangers \u00e9taient venus renforcer les meilleures \u00e9quipes fran\u00e7aises dont le G\u00e9orgien Bazadze, num\u00e9ro 5 mondial ou encore le canadien Shaul Gordon, quart de finaliste au dernier championnats du monde. Dans\u2026","rel":"","context":"Dans &quot;Non class\u00e9&quot;","block_context":{"text":"Non class\u00e9","link":"https:\/\/www.escrimepaloise.com\/wordpress\/category\/non-classe\/"},"img":{"alt_text":"","src":"https:\/\/i0.wp.com\/www.escrimepaloise.com\/wordpress\/wp-content\/uploads\/2020\/01\/IMG_3861-e1580119361348.jpg?fit=800%2C600&ssl=1&resize=350%2C200","width":350,"height":200,"srcset":"https:\/\/i0.wp.com\/www.escrimepaloise.com\/wordpress\/wp-content\/uploads\/2020\/01\/IMG_3861-e1580119361348.jpg?fit=800%2C600&ssl=1&resize=350%2C200 1x, https:\/\/i0.wp.com\/www.escrimepaloise.com\/wordpress\/wp-content\/uploads\/2020\/01\/IMG_3861-e1580119361348.jpg?fit=800%2C600&ssl=1&resize=525%2C300 1.5x, https:\/\/i0.wp.com\/www.escrimepaloise.com\/wordpress\/wp-content\/uploads\/2020\/01\/IMG_3861-e1580119361348.jpg?fit=800%2C600&ssl=1&resize=700%2C400 2x"},"classes":[]},{"id":24945,"url":"https:\/\/www.escrimepaloise.com\/wordpress\/2022\/10\/03\/sebastian-cuellar-champion-damerique-du-sud\/","url_meta":{"origin":13157,"position":1},"title":"S\u00e9bastian Cuellar Champion d&rsquo;Am\u00e9rique du Sud","author":"Alain","date":"3 octobre 2022","format":false,"excerpt":"Tr\u00e8s grande victoire de S\u00e9bastian aux Jeux Sud-Am\u00e9ricains qui ont lieu en ce moment \u00e0 Ascencion au Paraguay. Longtemps g\u00ean\u00e9 par une blessure \u00e0 la cuisse, Seb a pu enfin tirer \u00e0 100% et a remport\u00e9 une des plus belles comp\u00e9tition de sa carri\u00e8re dominant en finale le v\u00e9n\u00e9zu\u00e9lien Romero\u2026","rel":"","context":"Dans &quot;Non class\u00e9&quot;","block_context":{"text":"Non class\u00e9","link":"https:\/\/www.escrimepaloise.com\/wordpress\/category\/non-classe\/"},"img":{"alt_text":"","src":"https:\/\/i0.wp.com\/www.escrimepaloise.com\/wordpress\/wp-content\/uploads\/2022\/10\/IMG_9838-e1664821951408.jpg?fit=800%2C997&ssl=1&resize=350%2C200","width":350,"height":200,"srcset":"https:\/\/i0.wp.com\/www.escrimepaloise.com\/wordpress\/wp-content\/uploads\/2022\/10\/IMG_9838-e1664821951408.jpg?fit=800%2C997&ssl=1&resize=350%2C200 1x, https:\/\/i0.wp.com\/www.escrimepaloise.com\/wordpress\/wp-content\/uploads\/2022\/10\/IMG_9838-e1664821951408.jpg?fit=800%2C997&ssl=1&resize=525%2C300 1.5x, https:\/\/i0.wp.com\/www.escrimepaloise.com\/wordpress\/wp-content\/uploads\/2022\/10\/IMG_9838-e1664821951408.jpg?fit=800%2C997&ssl=1&resize=700%2C400 2x"},"classes":[]},{"id":13144,"url":"https:\/\/www.escrimepaloise.com\/wordpress\/2018\/04\/25\/1-2-finale-championnat-de-france-seniors-par-equipe-les-palois-4eme-a-roubaix\/","url_meta":{"origin":13157,"position":2},"title":"1\/2 Finale &#8211; Championnat de France Seniors par \u00e9quipe &#8211; Les palois 4\u00e8me \u00e0 Roubaix","author":"Alain C.","date":"25 avril 2018","format":false,"excerpt":"Ce week-end avait lieu \u00e0 Roubaix dans l\u2019enceinte du v\u00e9lodrome la 1\/2 finale du championnat de France seniors par \u00e9quipe premi\u00e8re et deuxi\u00e8me division. Avec une \u00e9quipe tr\u00e8s jeune, 19 ans de moyenne d\u2019\u00e2ge, les sabreurs de la section paloise ont obtenu une tr\u00e8s belle quatri\u00e8me place, battu 45 \u00e0\u2026","rel":"","context":"Dans &quot;Non class\u00e9&quot;","block_context":{"text":"Non class\u00e9","link":"https:\/\/www.escrimepaloise.com\/wordpress\/category\/non-classe\/"},"img":{"alt_text":"","src":"https:\/\/i0.wp.com\/www.escrimepaloise.com\/wordpress\/wp-content\/uploads\/2018\/04\/IMG_0026-e1524655598459.jpg?fit=800%2C600&ssl=1&resize=350%2C200","width":350,"height":200,"srcset":"https:\/\/i0.wp.com\/www.escrimepaloise.com\/wordpress\/wp-content\/uploads\/2018\/04\/IMG_0026-e1524655598459.jpg?fit=800%2C600&ssl=1&resize=350%2C200 1x, https:\/\/i0.wp.com\/www.escrimepaloise.com\/wordpress\/wp-content\/uploads\/2018\/04\/IMG_0026-e1524655598459.jpg?fit=800%2C600&ssl=1&resize=525%2C300 1.5x, https:\/\/i0.wp.com\/www.escrimepaloise.com\/wordpress\/wp-content\/uploads\/2018\/04\/IMG_0026-e1524655598459.jpg?fit=800%2C600&ssl=1&resize=700%2C400 2x"},"classes":[]},{"id":13919,"url":"https:\/\/www.escrimepaloise.com\/wordpress\/2019\/06\/03\/championnats-de-france-seniors-la-section-sur-tous-les-podiums\/","url_meta":{"origin":13157,"position":3},"title":"Championnats de France S\u00e9niors &#8211; La Section sur tous les podiums","author":"Alain C.","date":"3 juin 2019","format":false,"excerpt":"Championnats de France seniors\u00a0\u00a0\u00a0\u00a0\u00a0\u00a0\u00a0 Incroyable exploit qu\u2019on r\u00e9alis\u00e9s les sabreuses et sabreurs de la section paloise ce week-end \u00e0 Bourges \u00e0 l\u2019occasion des championnats de France seniors de la sp\u00e9cialit\u00e9 en m\u00e9daillant les 4 \u00e9quipes engag\u00e9es. Tout d\u2019abord les filles, \u00e9quipe compos\u00e9e de Jeromine Massou, Laia Vila, Marie Delas et\u2026","rel":"","context":"Dans &quot;Non class\u00e9&quot;","block_context":{"text":"Non class\u00e9","link":"https:\/\/www.escrimepaloise.com\/wordpress\/category\/non-classe\/"},"img":{"alt_text":"","src":"https:\/\/i0.wp.com\/www.escrimepaloise.com\/wordpress\/wp-content\/uploads\/2019\/06\/IMG_2302-e1559549011498.jpg?fit=800%2C600&ssl=1&resize=350%2C200","width":350,"height":200,"srcset":"https:\/\/i0.wp.com\/www.escrimepaloise.com\/wordpress\/wp-content\/uploads\/2019\/06\/IMG_2302-e1559549011498.jpg?fit=800%2C600&ssl=1&resize=350%2C200 1x, https:\/\/i0.wp.com\/www.escrimepaloise.com\/wordpress\/wp-content\/uploads\/2019\/06\/IMG_2302-e1559549011498.jpg?fit=800%2C600&ssl=1&resize=525%2C300 1.5x, https:\/\/i0.wp.com\/www.escrimepaloise.com\/wordpress\/wp-content\/uploads\/2019\/06\/IMG_2302-e1559549011498.jpg?fit=800%2C600&ssl=1&resize=700%2C400 2x"},"classes":[]},{"id":12880,"url":"https:\/\/www.escrimepaloise.com\/wordpress\/2017\/11\/27\/1-4-de-finale-du-championnat-de-france-seniors-par-equipe-la-section-sur-le-podium\/","url_meta":{"origin":13157,"position":4},"title":"1\/4 de finale du championnat de France seniors par equipe. La Section sur le podium.","author":"Alain C.","date":"27 novembre 2017","format":false,"excerpt":"Les sabreurs de la Section Paloise ont r\u00e9alis\u00e9 ce week-end \u00e0 Grenoble une excellente performance en montant sur la troisi\u00e8me marche du podium des 1\/4 de finale des championnats de France par equipe. Avec une equipe tr\u00e8s jeune (20 ans de moyenne d'\u00e2ge), nos sabreurs se sont d\u00e9faits en huiti\u00e8me\u2026","rel":"","context":"Dans &quot;Non class\u00e9&quot;","block_context":{"text":"Non class\u00e9","link":"https:\/\/www.escrimepaloise.com\/wordpress\/category\/non-classe\/"},"img":{"alt_text":"","src":"https:\/\/i0.wp.com\/www.escrimepaloise.com\/wordpress\/wp-content\/uploads\/2017\/11\/IMG_2919-e1511764205766.jpg?fit=800%2C600&ssl=1&resize=350%2C200","width":350,"height":200,"srcset":"https:\/\/i0.wp.com\/www.escrimepaloise.com\/wordpress\/wp-content\/uploads\/2017\/11\/IMG_2919-e1511764205766.jpg?fit=800%2C600&ssl=1&resize=350%2C200 1x, https:\/\/i0.wp.com\/www.escrimepaloise.com\/wordpress\/wp-content\/uploads\/2017\/11\/IMG_2919-e1511764205766.jpg?fit=800%2C600&ssl=1&resize=525%2C300 1.5x, https:\/\/i0.wp.com\/www.escrimepaloise.com\/wordpress\/wp-content\/uploads\/2017\/11\/IMG_2919-e1511764205766.jpg?fit=800%2C600&ssl=1&resize=700%2C400 2x"},"classes":[]},{"id":12859,"url":"https:\/\/www.escrimepaloise.com\/wordpress\/2017\/11\/16\/un-sectionniste-vainqueur-des-jeux-bolivariens\/","url_meta":{"origin":13157,"position":5},"title":"Un Sectionniste vainqueur des Jeux Bolivariens !!","author":"Alain C.","date":"16 novembre 2017","format":false,"excerpt":"Depuis 3 ans maintenant, S\u00e9bastian Cuellar, colombien originaire de Cali, s'entra\u00eene \u00e0 la Section Paloise Escrime sous la direction d'Alain Coicaud, \"Quand j'\u00e9tais sur l'INSEP, Mauricio Rivas, l'actuel directeur technique national de la f\u00e9d\u00e9ration combienne d'escrime \u00e9tait mon voisin de chambre et pr\u00e9parait les Jeux de Barcelone o\u00f9 il a\u2026","rel":"","context":"Dans &quot;Non class\u00e9&quot;","block_context":{"text":"Non class\u00e9","link":"https:\/\/www.escrimepaloise.com\/wordpress\/category\/non-classe\/"},"img":{"alt_text":"","src":"https:\/\/i0.wp.com\/www.escrimepaloise.com\/wordpress\/wp-content\/uploads\/2017\/11\/IMG_2889.jpg?fit=854%2C720&ssl=1&resize=350%2C200","width":350,"height":200,"srcset":"https:\/\/i0.wp.com\/www.escrimepaloise.com\/wordpress\/wp-content\/uploads\/2017\/11\/IMG_2889.jpg?fit=854%2C720&ssl=1&resize=350%2C200 1x, https:\/\/i0.wp.com\/www.escrimepaloise.com\/wordpress\/wp-content\/uploads\/2017\/11\/IMG_2889.jpg?fit=854%2C720&ssl=1&resize=525%2C300 1.5x, https:\/\/i0.wp.com\/www.escrimepaloise.com\/wordpress\/wp-content\/uploads\/2017\/11\/IMG_2889.jpg?fit=854%2C720&ssl=1&resize=700%2C400 2x"},"classes":[]}],"_links":{"self":[{"href":"https:\/\/www.escrimepaloise.com\/wordpress\/wp-json\/wp\/v2\/posts\/13157","targetHints":{"allow":["GET"]}}],"collection":[{"href":"https:\/\/www.escrimepaloise.com\/wordpress\/wp-json\/wp\/v2\/posts"}],"about":[{"href":"https:\/\/www.escrimepaloise.com\/wordpress\/wp-json\/wp\/v2\/types\/post"}],"author":[{"embeddable":true,"href":"https:\/\/www.escrimepaloise.com\/wordpress\/wp-json\/wp\/v2\/users\/1"}],"replies":[{"embeddable":true,"href":"https:\/\/www.escrimepaloise.com\/wordpress\/wp-json\/wp\/v2\/comments?post=13157"}],"version-history":[{"count":1,"href":"https:\/\/www.escrimepaloise.com\/wordpress\/wp-json\/wp\/v2\/posts\/13157\/revisions"}],"predecessor-version":[{"id":13159,"href":"https:\/\/www.escrimepaloise.com\/wordpress\/wp-json\/wp\/v2\/posts\/13157\/revisions\/13159"}],"wp:featuredmedia":[{"embeddable":true,"href":"https:\/\/www.escrimepaloise.com\/wordpress\/wp-json\/wp\/v2\/media\/13158"}],"wp:attachment":[{"href":"https:\/\/www.escrimepaloise.com\/wordpress\/wp-json\/wp\/v2\/media?parent=13157"}],"wp:term":[{"taxonomy":"category","embeddable":true,"href":"https:\/\/www.escrimepaloise.com\/wordpress\/wp-json\/wp\/v2\/categories?post=13157"},{"taxonomy":"post_tag","embeddable":true,"href":"https:\/\/www.escrimepaloise.com\/wordpress\/wp-json\/wp\/v2\/tags?post=13157"}],"curies":[{"name":"wp","href":"https:\/\/api.w.org\/{rel}","templated":true}]}}