{"id":13166,"date":"2018-05-14T21:12:53","date_gmt":"2018-05-14T19:12:53","guid":{"rendered":"http:\/\/www.escrimepaloise.com\/wordpress\/?p=13166"},"modified":"2018-05-14T21:12:53","modified_gmt":"2018-05-14T19:12:53","slug":"championnats-de-france-m17-dinard-les-bearnais-chez-les-bretons","status":"publish","type":"post","link":"https:\/\/www.escrimepaloise.com\/wordpress\/2018\/05\/14\/championnats-de-france-m17-dinard-les-bearnais-chez-les-bretons\/","title":{"rendered":"Championnats de France M17-Dinard \/ Les b\u00e9arnais chez les bretons."},"content":{"rendered":"<p>C&rsquo;\u00e9tait au tour de nos cadets de s&rsquo;escrimer pour leur ultime rassemblement hexagonal de leur saison. C&rsquo; est un tr\u00e8s bon bilan d&rsquo; ensemble qui \u00e0 un rien aurait pu \u00eatre encore meilleur. Tous nos sectionnistes repartent avec une m\u00e9daille autour du cou !!!<br \/>\nPour les \u00e9preuves individuelles N1 beau tir group\u00e9 avec respectivement Paco, Henri et <span id=\"OBJ_PREFIX_DWT194_com_zimbra_date\" class=\"Object\"><span id=\"OBJ_PREFIX_DWT195_com_zimbra_date\" class=\"Object\">Sam<\/span><\/span> 5\u00e8, 8\u00e8 et 10\u00e8. Garance \u00a0Baylaucq, encore Minime, finit vice-championne de France N2, et \u00a0confirme ainsi ses progr\u00e8s, de bonne augure avant les championnats de France de sa cat\u00e9gorie.<\/p>\n<p>En \u00e9quipe, parcours presque parfait pour la 1 car apr\u00e8s 3 victoires nettes et sans bavure, elle ne s&rsquo;incline que d&rsquo;une petite touche 45 \u00e0 44 en finale contre le club\/p\u00f4le France de Tarbes compos\u00e9 d&rsquo; un tireur form\u00e9 \u00e0 Bordeaux, un autre \u00e0 la R\u00e9union, un sectionniste parti cette saison et enfin &#8230; un tarbais . Cette d\u00e9faite est cruelle mais il est de plus en plus difficile de rivaliser avec des structures r\u00e9cup\u00e9rant tous les escrimeurs voulant int\u00e9grer les p\u00f4les France. On peut malgr\u00e9 tout affirmer qu\u2019on est un des meilleurs club formateur fran\u00e7ais au sabre, ce qui est \u00a0tr\u00e8s encourageant pour l\u2019avenir<br \/>\nL&rsquo; \u00e9quipe 2 coach\u00e9e par Laurent Vicenty \u00a0avec 2 minimes et 2 cadets 1 ont sign\u00e9 un joli parcours en remportant le titre de champions de France N2 en battant successivement Charenton (45\/44) Orl\u00e9ans (45\/44) et le PUC (45\/42) en finale.<\/p>\n<div>Bravo \u00e0 tous nos jeunes pour l&rsquo; ensemble de leur saison avec tout cela que \u00e7a comporte, entrainements quasi quotidiens, stages, d\u00e9placements&#8230; en plus de la scolarit\u00e9.<br \/>\nSans passion ce sport n&rsquo; est rien&#8230;<br \/>\nProchaine \u00e9tape nationale avec les M20 \u00e0 Besan\u00e7on.<br \/>\nSeeeectiooonnnn!&#x1f340;&#x1f340;&#x1f340;<\/div>\n","protected":false},"excerpt":{"rendered":"<p>C&rsquo;\u00e9tait au tour de nos cadets de s&rsquo;escrimer pour leur ultime rassemblement hexagonal de leur saison. C&rsquo; est un tr\u00e8s bon bilan d&rsquo; ensemble qui \u00e0 un rien aurait pu \u00eatre encore meilleur. Tous nos sectionnistes repartent avec une m\u00e9daille autour du cou !!! Pour les \u00e9preuves individuelles N1 beau tir group\u00e9 avec respectivement Paco, [&hellip;]<\/p>\n","protected":false},"author":1,"featured_media":13164,"comment_status":"closed","ping_status":"closed","sticky":false,"template":"","format":"standard","meta":{"jetpack_post_was_ever_published":false,"_jetpack_newsletter_access":"","_jetpack_dont_email_post_to_subs":false,"_jetpack_newsletter_tier_id":0,"_jetpack_memberships_contains_paywalled_content":false,"_jetpack_memberships_contains_paid_content":false,"footnotes":"","jetpack_publicize_message":"","jetpack_publicize_feature_enabled":true,"jetpack_social_post_already_shared":true,"jetpack_social_options":{"image_generator_settings":{"template":"highway","default_image_id":0,"font":"","enabled":false},"version":2}},"categories":[1],"tags":[],"class_list":["post-13166","post","type-post","status-publish","format-standard","has-post-thumbnail","hentry","category-non-classe"],"jetpack_publicize_connections":[],"jetpack_featured_media_url":"https:\/\/i0.wp.com\/www.escrimepaloise.com\/wordpress\/wp-content\/uploads\/2018\/05\/DSC_1181.jpg?fit=5154%2C3046&ssl=1","jetpack_sharing_enabled":true,"jetpack_shortlink":"https:\/\/wp.me\/p8aWQh-3qm","jetpack-related-posts":[{"id":25441,"url":"https:\/\/www.escrimepaloise.com\/wordpress\/2023\/06\/22\/championnats-de-france-u23clermont-ferrand-challenge-de-france-m13dinard\/","url_meta":{"origin":13166,"position":0},"title":"Championnats de France U23~Clermont-Ferrand &#8211; Challenge de France M13~Dinard","author":"Alain","date":"22 juin 2023","format":false,"excerpt":"Championnats de France M23 Dimanche dernier avait lieu le Championnat de France U23 Sabre N1 \u00e0 Clermont Ferrand. C\u2019est donc sur la terre des arvernes que Samuel Jarry a d\u00e9croch\u00e9 une tr\u00e8s belle m\u00e9daille d\u2019argent, \u00e9chouant de tr\u00e8s peu pour le titre supr\u00eame en final face \u00e0 l\u2019orl\u00e9anais Remi Garrigue\u2026","rel":"","context":"Dans &quot;Non class\u00e9&quot;","block_context":{"text":"Non class\u00e9","link":"https:\/\/www.escrimepaloise.com\/wordpress\/category\/non-classe\/"},"img":{"alt_text":"","src":"https:\/\/i0.wp.com\/www.escrimepaloise.com\/wordpress\/wp-content\/uploads\/2023\/06\/sam-clermont-e1687417220954.jpg?fit=800%2C1067&ssl=1&resize=350%2C200","width":350,"height":200,"srcset":"https:\/\/i0.wp.com\/www.escrimepaloise.com\/wordpress\/wp-content\/uploads\/2023\/06\/sam-clermont-e1687417220954.jpg?fit=800%2C1067&ssl=1&resize=350%2C200 1x, https:\/\/i0.wp.com\/www.escrimepaloise.com\/wordpress\/wp-content\/uploads\/2023\/06\/sam-clermont-e1687417220954.jpg?fit=800%2C1067&ssl=1&resize=525%2C300 1.5x, https:\/\/i0.wp.com\/www.escrimepaloise.com\/wordpress\/wp-content\/uploads\/2023\/06\/sam-clermont-e1687417220954.jpg?fit=800%2C1067&ssl=1&resize=700%2C400 2x"},"classes":[]},{"id":25883,"url":"https:\/\/www.escrimepaloise.com\/wordpress\/2024\/06\/03\/championnats-de-france-sabre-m20-tous-medailles\/","url_meta":{"origin":13166,"position":1},"title":"Championnats de France sabre M20 : Tous m\u00e9daill\u00e9s","author":"Alain","date":"3 juin 2024","format":false,"excerpt":"La Section Paloise Escrime m\u00e9daill\u00e9e dans toutes les disciplines \u00a0 Le week end dernier avait lieu \u00e0 Charenton les Championnats de France Juniors M20 individuel et par Equipe. Sur les quatre disciplines possibles, les escrimeurs palois sont rentr\u00e9s les valises pleines de m\u00e9tal avec trois m\u00e9dailles de Bronze et une\u2026","rel":"","context":"Dans &quot;Non class\u00e9&quot;","block_context":{"text":"Non class\u00e9","link":"https:\/\/www.escrimepaloise.com\/wordpress\/category\/non-classe\/"},"img":{"alt_text":"","src":"https:\/\/i0.wp.com\/www.escrimepaloise.com\/wordpress\/wp-content\/uploads\/2024\/06\/France-Juniors-3-e1717448199708.jpg?fit=800%2C600&ssl=1&resize=350%2C200","width":350,"height":200,"srcset":"https:\/\/i0.wp.com\/www.escrimepaloise.com\/wordpress\/wp-content\/uploads\/2024\/06\/France-Juniors-3-e1717448199708.jpg?fit=800%2C600&ssl=1&resize=350%2C200 1x, https:\/\/i0.wp.com\/www.escrimepaloise.com\/wordpress\/wp-content\/uploads\/2024\/06\/France-Juniors-3-e1717448199708.jpg?fit=800%2C600&ssl=1&resize=525%2C300 1.5x, https:\/\/i0.wp.com\/www.escrimepaloise.com\/wordpress\/wp-content\/uploads\/2024\/06\/France-Juniors-3-e1717448199708.jpg?fit=800%2C600&ssl=1&resize=700%2C400 2x"},"classes":[]},{"id":13195,"url":"https:\/\/www.escrimepaloise.com\/wordpress\/2018\/06\/07\/les-bearnais-bienvenus-chez-les-chtis\/","url_meta":{"origin":13166,"position":2},"title":"Les b\u00e9arnais bienvenus chez les Ch&#8217;tis","author":"spescrime","date":"7 juin 2018","format":false,"excerpt":"Ce week-end avaient lieu le dernier d\u00e9placement\u00a0pour nos M15 sectionnistes \u00e0 l' occasion des championnats de France de sabre\u00a0individuels et par \u00e9quipes \u00e0 H\u00e9nin-Beaumont. Nos jeunes encadr\u00e9s par Laurent Vicenty ont \u00e9t\u00e9 brillants car ils ram\u00e8nent un titre de vice-champion de France N1 en individuel gr\u00e2ce \u00e0\u00a0Ugo Latapy, une m\u00e9daille\u2026","rel":"","context":"Dans &quot;Non class\u00e9&quot;","block_context":{"text":"Non class\u00e9","link":"https:\/\/www.escrimepaloise.com\/wordpress\/category\/non-classe\/"},"img":{"alt_text":"","src":"https:\/\/i0.wp.com\/www.escrimepaloise.com\/wordpress\/wp-content\/uploads\/2018\/06\/henin-beaumont.jpg?fit=1080%2C756&ssl=1&resize=350%2C200","width":350,"height":200,"srcset":"https:\/\/i0.wp.com\/www.escrimepaloise.com\/wordpress\/wp-content\/uploads\/2018\/06\/henin-beaumont.jpg?fit=1080%2C756&ssl=1&resize=350%2C200 1x, https:\/\/i0.wp.com\/www.escrimepaloise.com\/wordpress\/wp-content\/uploads\/2018\/06\/henin-beaumont.jpg?fit=1080%2C756&ssl=1&resize=525%2C300 1.5x, https:\/\/i0.wp.com\/www.escrimepaloise.com\/wordpress\/wp-content\/uploads\/2018\/06\/henin-beaumont.jpg?fit=1080%2C756&ssl=1&resize=700%2C400 2x, https:\/\/i0.wp.com\/www.escrimepaloise.com\/wordpress\/wp-content\/uploads\/2018\/06\/henin-beaumont.jpg?fit=1080%2C756&ssl=1&resize=1050%2C600 3x"},"classes":[]},{"id":25900,"url":"https:\/\/www.escrimepaloise.com\/wordpress\/2024\/06\/18\/championnats-de-france-m15-indiv-equipe-macon-4-medailles-dans-la-musette\/","url_meta":{"origin":13166,"position":3},"title":"Championnats de France M15 Indiv &amp; \u00c9quipe &#8211; M\u00e2con ; 4 m\u00e9dailles dans la musette","author":"Alain","date":"18 juin 2024","format":false,"excerpt":"Cette finale hexagonale en Bourgogne, restera un grand cru pour nos jeunes vert et blanc. Nous \u00e9tions engag\u00e9s au sabre et \u00e0 l'\u00e9p\u00e9e avec Romain, Roman, Galahad au sabre hommes, Margaux et Isa\u00e9 au sabre dames et Hiroaki \u00e0 l'\u00e9p\u00e9e. \u00c0 l'issue de la premi\u00e8re journ\u00e9e qui voyait s'affronter les\u2026","rel":"","context":"Dans &quot;Non class\u00e9&quot;","block_context":{"text":"Non class\u00e9","link":"https:\/\/www.escrimepaloise.com\/wordpress\/category\/non-classe\/"},"img":{"alt_text":"","src":"https:\/\/i0.wp.com\/www.escrimepaloise.com\/wordpress\/wp-content\/uploads\/2024\/06\/Macon-8.jpg?fit=629%2C577&ssl=1&resize=350%2C200","width":350,"height":200,"srcset":"https:\/\/i0.wp.com\/www.escrimepaloise.com\/wordpress\/wp-content\/uploads\/2024\/06\/Macon-8.jpg?fit=629%2C577&ssl=1&resize=350%2C200 1x, https:\/\/i0.wp.com\/www.escrimepaloise.com\/wordpress\/wp-content\/uploads\/2024\/06\/Macon-8.jpg?fit=629%2C577&ssl=1&resize=525%2C300 1.5x"},"classes":[]},{"id":13112,"url":"https:\/\/www.escrimepaloise.com\/wordpress\/2018\/03\/29\/en-route-pour-les-championnats-du-monde\/","url_meta":{"origin":13166,"position":4},"title":"En route pour les championnats du monde","author":"Alain C.","date":"29 mars 2018","format":false,"excerpt":"A partir de la semaine prochaine, 3 palois participeront aux championnats du monde cadets-juniors \u00e0 V\u00e9rone en Italie. Mercredi 4 avril, Eliott, tout aur\u00e9ol\u00e9 de son titre de champion d'Europe avec l'\u00e9quipe de fRance,\u00a0 aura \u00e0 coeur de montrer qu'il a le niveau pour se hisser en individuel au niveau\u2026","rel":"","context":"Dans &quot;Non class\u00e9&quot;","block_context":{"text":"Non class\u00e9","link":"https:\/\/www.escrimepaloise.com\/wordpress\/category\/non-classe\/"},"img":{"alt_text":"","src":"https:\/\/i0.wp.com\/www.escrimepaloise.com\/wordpress\/wp-content\/uploads\/2018\/03\/DSC_5221-e1522517734442.jpg?fit=800%2C534&ssl=1&resize=350%2C200","width":350,"height":200,"srcset":"https:\/\/i0.wp.com\/www.escrimepaloise.com\/wordpress\/wp-content\/uploads\/2018\/03\/DSC_5221-e1522517734442.jpg?fit=800%2C534&ssl=1&resize=350%2C200 1x, https:\/\/i0.wp.com\/www.escrimepaloise.com\/wordpress\/wp-content\/uploads\/2018\/03\/DSC_5221-e1522517734442.jpg?fit=800%2C534&ssl=1&resize=525%2C300 1.5x, https:\/\/i0.wp.com\/www.escrimepaloise.com\/wordpress\/wp-content\/uploads\/2018\/03\/DSC_5221-e1522517734442.jpg?fit=800%2C534&ssl=1&resize=700%2C400 2x"},"classes":[]},{"id":27073,"url":"https:\/\/www.escrimepaloise.com\/wordpress\/2026\/03\/16\/1-2-finale-des-championnats-de-france-les-cadets-de-la-section-sur-la-plus-haute-marche-du-podium\/","url_meta":{"origin":13166,"position":5},"title":"1\/2 Finale des Championnats de France : Les cadets de la Section sur la plus haute marche du podium","author":"Alain","date":"16 mars 2026","format":false,"excerpt":"Une performance de haut niveau \u00e0 mettre \u00e0 l'actif de nos cadets ce week-end \u00e0 Tarbes \u00e0 l'occasion des demi-finales des Championnats de France M17. L'\u00e9quipe compos\u00e9e d'Eliott Wieczorek, Roman Le Lan, Romain Toucouere Schmitz et Oscar Jaumain s'est impos\u00e9 devant 26 \u00e9quipes repr\u00e9sentant les meilleurs clubs fran\u00e7ais. Nos jeunes\u2026","rel":"","context":"Dans &quot;Non class\u00e9&quot;","block_context":{"text":"Non class\u00e9","link":"https:\/\/www.escrimepaloise.com\/wordpress\/category\/non-classe\/"},"img":{"alt_text":"","src":"https:\/\/i0.wp.com\/www.escrimepaloise.com\/wordpress\/wp-content\/uploads\/2026\/03\/sabre-dor-6-e1773693498578.jpg?fit=800%2C553&ssl=1&resize=350%2C200","width":350,"height":200,"srcset":"https:\/\/i0.wp.com\/www.escrimepaloise.com\/wordpress\/wp-content\/uploads\/2026\/03\/sabre-dor-6-e1773693498578.jpg?fit=800%2C553&ssl=1&resize=350%2C200 1x, https:\/\/i0.wp.com\/www.escrimepaloise.com\/wordpress\/wp-content\/uploads\/2026\/03\/sabre-dor-6-e1773693498578.jpg?fit=800%2C553&ssl=1&resize=525%2C300 1.5x, https:\/\/i0.wp.com\/www.escrimepaloise.com\/wordpress\/wp-content\/uploads\/2026\/03\/sabre-dor-6-e1773693498578.jpg?fit=800%2C553&ssl=1&resize=700%2C400 2x"},"classes":[]}],"_links":{"self":[{"href":"https:\/\/www.escrimepaloise.com\/wordpress\/wp-json\/wp\/v2\/posts\/13166","targetHints":{"allow":["GET"]}}],"collection":[{"href":"https:\/\/www.escrimepaloise.com\/wordpress\/wp-json\/wp\/v2\/posts"}],"about":[{"href":"https:\/\/www.escrimepaloise.com\/wordpress\/wp-json\/wp\/v2\/types\/post"}],"author":[{"embeddable":true,"href":"https:\/\/www.escrimepaloise.com\/wordpress\/wp-json\/wp\/v2\/users\/1"}],"replies":[{"embeddable":true,"href":"https:\/\/www.escrimepaloise.com\/wordpress\/wp-json\/wp\/v2\/comments?post=13166"}],"version-history":[{"count":1,"href":"https:\/\/www.escrimepaloise.com\/wordpress\/wp-json\/wp\/v2\/posts\/13166\/revisions"}],"predecessor-version":[{"id":13167,"href":"https:\/\/www.escrimepaloise.com\/wordpress\/wp-json\/wp\/v2\/posts\/13166\/revisions\/13167"}],"wp:featuredmedia":[{"embeddable":true,"href":"https:\/\/www.escrimepaloise.com\/wordpress\/wp-json\/wp\/v2\/media\/13164"}],"wp:attachment":[{"href":"https:\/\/www.escrimepaloise.com\/wordpress\/wp-json\/wp\/v2\/media?parent=13166"}],"wp:term":[{"taxonomy":"category","embeddable":true,"href":"https:\/\/www.escrimepaloise.com\/wordpress\/wp-json\/wp\/v2\/categories?post=13166"},{"taxonomy":"post_tag","embeddable":true,"href":"https:\/\/www.escrimepaloise.com\/wordpress\/wp-json\/wp\/v2\/tags?post=13166"}],"curies":[{"name":"wp","href":"https:\/\/api.w.org\/{rel}","templated":true}]}}