{"id":13181,"date":"2018-05-24T06:29:34","date_gmt":"2018-05-24T04:29:34","guid":{"rendered":"http:\/\/www.escrimepaloise.com\/wordpress\/?p=13181"},"modified":"2018-05-24T06:35:19","modified_gmt":"2018-05-24T04:35:19","slug":"a-gravir-des-sommets","status":"publish","type":"post","link":"https:\/\/www.escrimepaloise.com\/wordpress\/2018\/05\/24\/a-gravir-des-sommets\/","title":{"rendered":"La section toujours pr\u00eate \u00e0 gravir des sommets."},"content":{"rendered":"<p>Apr\u00e8s 6 mois passes en Inde, Alban Berges est parti en Road trip dans l\u2019Himalaya. Un petit clin d\u2019\u0153il vert et blanc face \u00e0 l\u2019Everest. Souhaitons \u00e0 nos sabreurs juniors de franchir des sommets ce week-end \u00e0 Besan\u00e7on pour les championnats de France. Hounha Section.<\/p>\n","protected":false},"excerpt":{"rendered":"<p>Apr\u00e8s 6 mois passes en Inde, Alban Berges est parti en Road trip dans l\u2019Himalaya. Un petit clin d\u2019\u0153il vert et blanc face \u00e0 l\u2019Everest. Souhaitons \u00e0 nos sabreurs juniors de franchir des sommets ce week-end \u00e0 Besan\u00e7on pour les championnats de France. Hounha Section.<\/p>\n","protected":false},"author":1,"featured_media":13180,"comment_status":"closed","ping_status":"closed","sticky":false,"template":"","format":"standard","meta":{"jetpack_post_was_ever_published":false,"_jetpack_newsletter_access":"","_jetpack_dont_email_post_to_subs":false,"_jetpack_newsletter_tier_id":0,"_jetpack_memberships_contains_paywalled_content":false,"_jetpack_memberships_contains_paid_content":false,"footnotes":"","jetpack_publicize_message":"","jetpack_publicize_feature_enabled":true,"jetpack_social_post_already_shared":true,"jetpack_social_options":{"image_generator_settings":{"template":"highway","default_image_id":0,"font":"","enabled":false},"version":2}},"categories":[1],"tags":[],"class_list":["post-13181","post","type-post","status-publish","format-standard","has-post-thumbnail","hentry","category-non-classe"],"jetpack_publicize_connections":[],"jetpack_featured_media_url":"https:\/\/i0.wp.com\/www.escrimepaloise.com\/wordpress\/wp-content\/uploads\/2018\/05\/IMG_0159.jpg?fit=528%2C960&ssl=1","jetpack_sharing_enabled":true,"jetpack_shortlink":"https:\/\/wp.me\/p8aWQh-3qB","jetpack-related-posts":[{"id":13660,"url":"https:\/\/www.escrimepaloise.com\/wordpress\/2019\/02\/18\/coupe-du-monde-de-dourdan-bibi-et-boureau-aux-sommets\/","url_meta":{"origin":13181,"position":0},"title":"Coupe du monde de Dourdan &#8211;    Bibi et Boureau aux sommets","author":"Alain C.","date":"18 f\u00e9vrier 2019","format":false,"excerpt":"\u00c9liott Bibi remporte ce week-end \u00e0 Dourdan la derni\u00e8re manche de la coupe du monde de sabre junior en battant en finale l\u2019am\u00e9ricain Saron 15 a 13, avec beaucoup de ma\u00eetrise et de maturit\u00e9. Apr\u00e8s sa victoire \u00e0 Sotchi en d\u00e9but de saison, ses 2 podiums \u00e0 Varsovie et Dormagen,\u2026","rel":"","context":"Dans &quot;Non class\u00e9&quot;","block_context":{"text":"Non class\u00e9","link":"https:\/\/www.escrimepaloise.com\/wordpress\/category\/non-classe\/"},"img":{"alt_text":"","src":"https:\/\/i0.wp.com\/www.escrimepaloise.com\/wordpress\/wp-content\/uploads\/2019\/02\/IMG_1589-e1550511229289.jpg?fit=800%2C600&ssl=1&resize=350%2C200","width":350,"height":200,"srcset":"https:\/\/i0.wp.com\/www.escrimepaloise.com\/wordpress\/wp-content\/uploads\/2019\/02\/IMG_1589-e1550511229289.jpg?fit=800%2C600&ssl=1&resize=350%2C200 1x, https:\/\/i0.wp.com\/www.escrimepaloise.com\/wordpress\/wp-content\/uploads\/2019\/02\/IMG_1589-e1550511229289.jpg?fit=800%2C600&ssl=1&resize=525%2C300 1.5x, https:\/\/i0.wp.com\/www.escrimepaloise.com\/wordpress\/wp-content\/uploads\/2019\/02\/IMG_1589-e1550511229289.jpg?fit=800%2C600&ssl=1&resize=700%2C400 2x"},"classes":[]},{"id":12686,"url":"https:\/\/www.escrimepaloise.com\/wordpress\/2017\/05\/29\/eliott-bibi-et-la-section-paloise-vice-champion-de-france\/","url_meta":{"origin":13181,"position":1},"title":"Eliott Bibi Et la Section Paloise vice champion de France","author":"Alain C.","date":"29 mai 2017","format":false,"excerpt":"C'est dans les Ardennes \u00e0 Charleville Mezieres qu'avait lieu ce week end le championnat de France au sabre des moins de 20 ans. Dans une chaleur \u00e9crasante, les palois ont r\u00e9pondu pr\u00e9sent gr\u00e2ce \u00e0 Eliott Bibi en individuel qui monte sur la deuxi\u00e8me marche du podium apr\u00e8s une journ\u00e9e quasi\u2026","rel":"","context":"Dans &quot;Non class\u00e9&quot;","block_context":{"text":"Non class\u00e9","link":"https:\/\/www.escrimepaloise.com\/wordpress\/category\/non-classe\/"},"img":{"alt_text":"","src":"https:\/\/i0.wp.com\/www.escrimepaloise.com\/wordpress\/wp-content\/uploads\/2017\/05\/IMG_2402-e1496062564328.jpg?fit=800%2C600&ssl=1&resize=350%2C200","width":350,"height":200,"srcset":"https:\/\/i0.wp.com\/www.escrimepaloise.com\/wordpress\/wp-content\/uploads\/2017\/05\/IMG_2402-e1496062564328.jpg?fit=800%2C600&ssl=1&resize=350%2C200 1x, https:\/\/i0.wp.com\/www.escrimepaloise.com\/wordpress\/wp-content\/uploads\/2017\/05\/IMG_2402-e1496062564328.jpg?fit=800%2C600&ssl=1&resize=525%2C300 1.5x, https:\/\/i0.wp.com\/www.escrimepaloise.com\/wordpress\/wp-content\/uploads\/2017\/05\/IMG_2402-e1496062564328.jpg?fit=800%2C600&ssl=1&resize=700%2C400 2x"},"classes":[]},{"id":26099,"url":"https:\/\/www.escrimepaloise.com\/wordpress\/2024\/11\/18\/meylan-tom-couderc-survole-les-debats\/","url_meta":{"origin":13181,"position":2},"title":"Meylan : Tom Couderc survole les d\u00e9bats","author":"Alain","date":"18 novembre 2024","format":false,"excerpt":"Tr\u00e8s grosse victoire de Tom Couderc ce week-end \u00e0 meylan en banlieue grenobloise, \u00e0 l'occasion du deuxi\u00e8me circuit national M20, s\u00e9lectif pour les premi\u00e8res coupe du monde de la saison. Tom a survol\u00e9 les d\u00e9bats du d\u00e9but jusqu\u00e0 la fin en battant en finale le parisien de Maisons Alfort Paul\u2026","rel":"","context":"Dans &quot;Non class\u00e9&quot;","block_context":{"text":"Non class\u00e9","link":"https:\/\/www.escrimepaloise.com\/wordpress\/category\/non-classe\/"},"img":{"alt_text":"","src":"https:\/\/i0.wp.com\/www.escrimepaloise.com\/wordpress\/wp-content\/uploads\/2024\/11\/meylan-4-e1731962336735.jpg?fit=800%2C589&ssl=1&resize=350%2C200","width":350,"height":200,"srcset":"https:\/\/i0.wp.com\/www.escrimepaloise.com\/wordpress\/wp-content\/uploads\/2024\/11\/meylan-4-e1731962336735.jpg?fit=800%2C589&ssl=1&resize=350%2C200 1x, https:\/\/i0.wp.com\/www.escrimepaloise.com\/wordpress\/wp-content\/uploads\/2024\/11\/meylan-4-e1731962336735.jpg?fit=800%2C589&ssl=1&resize=525%2C300 1.5x, https:\/\/i0.wp.com\/www.escrimepaloise.com\/wordpress\/wp-content\/uploads\/2024\/11\/meylan-4-e1731962336735.jpg?fit=800%2C589&ssl=1&resize=700%2C400 2x"},"classes":[]},{"id":25569,"url":"https:\/\/www.escrimepaloise.com\/wordpress\/2023\/10\/13\/forum-des-associations-la-section-toujours-presente\/","url_meta":{"origin":13181,"position":3},"title":"Forum des Associations : La Section toujours pr\u00e9sente","author":"Alain","date":"13 octobre 2023","format":false,"excerpt":"Forum des associations foire exposition\u00a0 Pau Faisons d\u00e9couvrir notre beau sport! Trop souvent m\u00e9connu et plein d'a priori. Vive l'escrime! Et merci \u00e0 Alex, Bruno, Rodrigue, Tristan et Hugo","rel":"","context":"Dans &quot;Non class\u00e9&quot;","block_context":{"text":"Non class\u00e9","link":"https:\/\/www.escrimepaloise.com\/wordpress\/category\/non-classe\/"},"img":{"alt_text":"","src":"https:\/\/i0.wp.com\/www.escrimepaloise.com\/wordpress\/wp-content\/uploads\/2023\/10\/forum-asso-1-e1697204383797.jpg?fit=800%2C600&ssl=1&resize=350%2C200","width":350,"height":200,"srcset":"https:\/\/i0.wp.com\/www.escrimepaloise.com\/wordpress\/wp-content\/uploads\/2023\/10\/forum-asso-1-e1697204383797.jpg?fit=800%2C600&ssl=1&resize=350%2C200 1x, https:\/\/i0.wp.com\/www.escrimepaloise.com\/wordpress\/wp-content\/uploads\/2023\/10\/forum-asso-1-e1697204383797.jpg?fit=800%2C600&ssl=1&resize=525%2C300 1.5x, https:\/\/i0.wp.com\/www.escrimepaloise.com\/wordpress\/wp-content\/uploads\/2023\/10\/forum-asso-1-e1697204383797.jpg?fit=800%2C600&ssl=1&resize=700%2C400 2x"},"classes":[]},{"id":13557,"url":"https:\/\/www.escrimepaloise.com\/wordpress\/2019\/01\/06\/la-section-paloise-escrime-recompensee\/","url_meta":{"origin":13181,"position":4},"title":"La Section Paloise Escrime r\u00e9compens\u00e9e","author":"Alain C.","date":"6 janvier 2019","format":false,"excerpt":"Vendredi 4 janvier au \"Pilota\" se d\u00e9roulait la soir\u00e9e des anciens de la Section Paloise organis\u00e9e comme tous les ans par Christian Loustaudine, Pr\u00e9sident de l'omnisports. Cette ann\u00e9e 4 palois \u00e9taient r\u00e9compens\u00e9s tous ayant obtenu un podium \u00e0 l'international : Eliott Bibi, Paco Boureau, Samuel Jarry et Alexandre Andreone. Une\u2026","rel":"","context":"Dans &quot;Non class\u00e9&quot;","block_context":{"text":"Non class\u00e9","link":"https:\/\/www.escrimepaloise.com\/wordpress\/category\/non-classe\/"},"img":{"alt_text":"","src":"https:\/\/i0.wp.com\/www.escrimepaloise.com\/wordpress\/wp-content\/uploads\/2019\/01\/soiree-des-anciens-e1546792842187.jpg?fit=800%2C600&ssl=1&resize=350%2C200","width":350,"height":200,"srcset":"https:\/\/i0.wp.com\/www.escrimepaloise.com\/wordpress\/wp-content\/uploads\/2019\/01\/soiree-des-anciens-e1546792842187.jpg?fit=800%2C600&ssl=1&resize=350%2C200 1x, https:\/\/i0.wp.com\/www.escrimepaloise.com\/wordpress\/wp-content\/uploads\/2019\/01\/soiree-des-anciens-e1546792842187.jpg?fit=800%2C600&ssl=1&resize=525%2C300 1.5x, https:\/\/i0.wp.com\/www.escrimepaloise.com\/wordpress\/wp-content\/uploads\/2019\/01\/soiree-des-anciens-e1546792842187.jpg?fit=800%2C600&ssl=1&resize=700%2C400 2x"},"classes":[]},{"id":25167,"url":"https:\/\/www.escrimepaloise.com\/wordpress\/2023\/02\/14\/les-juniors-sur-le-podium-a-montargis\/","url_meta":{"origin":13181,"position":5},"title":"Les juniors sur le podium \u00e0 Montargis","author":"Alain","date":"14 f\u00e9vrier 2023","format":false,"excerpt":"Belle performance des juniors de la Section Paloise qui ont obtenu la troisi\u00e8me place \u00e0 l'occasion des quart de finale des championnats de France qui se sont d\u00e9roul\u00e9s ce week-end \u00e0 Montargis. Apr\u00e8s les victoires en cadets et en s\u00e9niors, la Section Paloise confirme l'homog\u00e9n\u00e9it\u00e9 de son \u00e9cole de formation.\u2026","rel":"","context":"Dans &quot;Non class\u00e9&quot;","block_context":{"text":"Non class\u00e9","link":"https:\/\/www.escrimepaloise.com\/wordpress\/category\/non-classe\/"},"img":{"alt_text":"","src":"https:\/\/i0.wp.com\/www.escrimepaloise.com\/wordpress\/wp-content\/uploads\/2023\/02\/474c4973-71bd-414b-9430-b578d7bb4f87-e1676365337950.jpg?fit=800%2C600&ssl=1&resize=350%2C200","width":350,"height":200,"srcset":"https:\/\/i0.wp.com\/www.escrimepaloise.com\/wordpress\/wp-content\/uploads\/2023\/02\/474c4973-71bd-414b-9430-b578d7bb4f87-e1676365337950.jpg?fit=800%2C600&ssl=1&resize=350%2C200 1x, https:\/\/i0.wp.com\/www.escrimepaloise.com\/wordpress\/wp-content\/uploads\/2023\/02\/474c4973-71bd-414b-9430-b578d7bb4f87-e1676365337950.jpg?fit=800%2C600&ssl=1&resize=525%2C300 1.5x, https:\/\/i0.wp.com\/www.escrimepaloise.com\/wordpress\/wp-content\/uploads\/2023\/02\/474c4973-71bd-414b-9430-b578d7bb4f87-e1676365337950.jpg?fit=800%2C600&ssl=1&resize=700%2C400 2x"},"classes":[]}],"_links":{"self":[{"href":"https:\/\/www.escrimepaloise.com\/wordpress\/wp-json\/wp\/v2\/posts\/13181","targetHints":{"allow":["GET"]}}],"collection":[{"href":"https:\/\/www.escrimepaloise.com\/wordpress\/wp-json\/wp\/v2\/posts"}],"about":[{"href":"https:\/\/www.escrimepaloise.com\/wordpress\/wp-json\/wp\/v2\/types\/post"}],"author":[{"embeddable":true,"href":"https:\/\/www.escrimepaloise.com\/wordpress\/wp-json\/wp\/v2\/users\/1"}],"replies":[{"embeddable":true,"href":"https:\/\/www.escrimepaloise.com\/wordpress\/wp-json\/wp\/v2\/comments?post=13181"}],"version-history":[{"count":2,"href":"https:\/\/www.escrimepaloise.com\/wordpress\/wp-json\/wp\/v2\/posts\/13181\/revisions"}],"predecessor-version":[{"id":13184,"href":"https:\/\/www.escrimepaloise.com\/wordpress\/wp-json\/wp\/v2\/posts\/13181\/revisions\/13184"}],"wp:featuredmedia":[{"embeddable":true,"href":"https:\/\/www.escrimepaloise.com\/wordpress\/wp-json\/wp\/v2\/media\/13180"}],"wp:attachment":[{"href":"https:\/\/www.escrimepaloise.com\/wordpress\/wp-json\/wp\/v2\/media?parent=13181"}],"wp:term":[{"taxonomy":"category","embeddable":true,"href":"https:\/\/www.escrimepaloise.com\/wordpress\/wp-json\/wp\/v2\/categories?post=13181"},{"taxonomy":"post_tag","embeddable":true,"href":"https:\/\/www.escrimepaloise.com\/wordpress\/wp-json\/wp\/v2\/tags?post=13181"}],"curies":[{"name":"wp","href":"https:\/\/api.w.org\/{rel}","templated":true}]}}