{"id":13239,"date":"2018-07-20T09:38:52","date_gmt":"2018-07-20T07:38:52","guid":{"rendered":"http:\/\/www.escrimepaloise.com\/wordpress\/?p=13239"},"modified":"2018-07-20T09:38:52","modified_gmt":"2018-07-20T07:38:52","slug":"nos-escrimeurs-en-stages","status":"publish","type":"post","link":"https:\/\/www.escrimepaloise.com\/wordpress\/2018\/07\/20\/nos-escrimeurs-en-stages\/","title":{"rendered":"Nos escrimeurs en stages"},"content":{"rendered":"<p>5 escrimeurs ont d\u00e9cid\u00e9 de passer leurs vacances sur les pistes d&rsquo;escrime !! \u00a0Alors que la saison s&rsquo;est termin\u00e9e fin juin, 5 de nos sectionnistes en redemandent et ont donc particip\u00e9 \u00e0 2 stages depuis d\u00e9but juillet. Ugo, Garance et Albin ont repr\u00e9sent\u00e9 nos couleurs au.traditionnel stage national de Vichy tandis que Samuel et Paco \u00e9taient gracieusement invit\u00e9 \u00e0 l&rsquo;international camp d&rsquo;Ath\u00e8nes. De quoi certainement revenir en pleine forme pour la nouvelle saison !!<\/p>\n","protected":false},"excerpt":{"rendered":"<p>5 escrimeurs ont d\u00e9cid\u00e9 de passer leurs vacances sur les pistes d&rsquo;escrime !! \u00a0Alors que la saison s&rsquo;est termin\u00e9e fin juin, 5 de nos sectionnistes en redemandent et ont donc particip\u00e9 \u00e0 2 stages depuis d\u00e9but juillet. Ugo, Garance et Albin ont repr\u00e9sent\u00e9 nos couleurs au.traditionnel stage national de Vichy tandis que Samuel et Paco [&hellip;]<\/p>\n","protected":false},"author":6,"featured_media":13240,"comment_status":"closed","ping_status":"closed","sticky":false,"template":"","format":"standard","meta":{"jetpack_post_was_ever_published":false,"_jetpack_newsletter_access":"","_jetpack_dont_email_post_to_subs":false,"_jetpack_newsletter_tier_id":0,"_jetpack_memberships_contains_paywalled_content":false,"_jetpack_memberships_contains_paid_content":false,"footnotes":"","jetpack_publicize_message":"","jetpack_publicize_feature_enabled":true,"jetpack_social_post_already_shared":true,"jetpack_social_options":{"image_generator_settings":{"template":"highway","default_image_id":0,"font":"","enabled":false},"version":2}},"categories":[1],"tags":[],"class_list":["post-13239","post","type-post","status-publish","format-standard","has-post-thumbnail","hentry","category-non-classe"],"jetpack_publicize_connections":[],"jetpack_featured_media_url":"https:\/\/i0.wp.com\/www.escrimepaloise.com\/wordpress\/wp-content\/uploads\/2018\/07\/vichy-e1532072206317.jpg?fit=800%2C450&ssl=1","jetpack_sharing_enabled":true,"jetpack_shortlink":"https:\/\/wp.me\/p8aWQh-3rx","jetpack-related-posts":[{"id":12970,"url":"https:\/\/www.escrimepaloise.com\/wordpress\/2018\/01\/16\/nos-escrimeurs-a-lhonneur\/","url_meta":{"origin":13239,"position":0},"title":"Nos escrimeurs \u00e0 l&rsquo;honneur","author":"Alain C.","date":"16 janvier 2018","format":false,"excerpt":"A l'occasion de la f\u00eate des \"verts et blancs\" organis\u00e9 par les \"anciens\" de la Section Paloise, nos escrimeurs champions de France ont \u00e9t\u00e9 mis \u00e0 l'honneur. Un grand merci \u00e0 Christian Loustaudine pour cette belle soir\u00e9e qui s'est d\u00e9roul\u00e9e cette ann\u00e9e au restaurant \"Pilota\".","rel":"","context":"Dans &quot;Non class\u00e9&quot;","block_context":{"text":"Non class\u00e9","link":"https:\/\/www.escrimepaloise.com\/wordpress\/category\/non-classe\/"},"img":{"alt_text":"","src":"https:\/\/i0.wp.com\/www.escrimepaloise.com\/wordpress\/wp-content\/uploads\/2018\/01\/DSC_1807-e1516104598363.jpg?fit=800%2C533&ssl=1&resize=350%2C200","width":350,"height":200,"srcset":"https:\/\/i0.wp.com\/www.escrimepaloise.com\/wordpress\/wp-content\/uploads\/2018\/01\/DSC_1807-e1516104598363.jpg?fit=800%2C533&ssl=1&resize=350%2C200 1x, https:\/\/i0.wp.com\/www.escrimepaloise.com\/wordpress\/wp-content\/uploads\/2018\/01\/DSC_1807-e1516104598363.jpg?fit=800%2C533&ssl=1&resize=525%2C300 1.5x, https:\/\/i0.wp.com\/www.escrimepaloise.com\/wordpress\/wp-content\/uploads\/2018\/01\/DSC_1807-e1516104598363.jpg?fit=800%2C533&ssl=1&resize=700%2C400 2x"},"classes":[]},{"id":12448,"url":"https:\/\/www.escrimepaloise.com\/wordpress\/2017\/01\/03\/7-escrimeurs-sectionnistes-a-linternational\/","url_meta":{"origin":13239,"position":1},"title":"7 escrimeurs sectionnistes \u00e0 l&rsquo;international","author":"Alain C.","date":"3 janvier 2017","format":false,"excerpt":"Alors que la saison vient de reprendre, la f\u00e9d\u00e9ration fran\u00e7aise d'escrime vient d'annoncer les s\u00e9lections pour les 2 prochaines coupes du monde juniors et cadets qui auront lieu les prochains week-end \u00e0 Budapest et \u00e0 Vienne. 6 sectionnistes feront le d\u00e9placement, ce qui porte \u00e0 sept le nombre d'escrimeurs palois\u2026","rel":"","context":"Dans &quot;Non class\u00e9&quot;","block_context":{"text":"Non class\u00e9","link":"https:\/\/www.escrimepaloise.com\/wordpress\/category\/non-classe\/"},"img":{"alt_text":"","src":"https:\/\/i0.wp.com\/www.escrimepaloise.com\/wordpress\/wp-content\/uploads\/2017\/01\/IMG_1900-e1483475806867.jpg?fit=800%2C600&ssl=1&resize=350%2C200","width":350,"height":200,"srcset":"https:\/\/i0.wp.com\/www.escrimepaloise.com\/wordpress\/wp-content\/uploads\/2017\/01\/IMG_1900-e1483475806867.jpg?fit=800%2C600&ssl=1&resize=350%2C200 1x, https:\/\/i0.wp.com\/www.escrimepaloise.com\/wordpress\/wp-content\/uploads\/2017\/01\/IMG_1900-e1483475806867.jpg?fit=800%2C600&ssl=1&resize=525%2C300 1.5x, https:\/\/i0.wp.com\/www.escrimepaloise.com\/wordpress\/wp-content\/uploads\/2017\/01\/IMG_1900-e1483475806867.jpg?fit=800%2C600&ssl=1&resize=700%2C400 2x"},"classes":[]},{"id":12786,"url":"https:\/\/www.escrimepaloise.com\/wordpress\/2017\/09\/19\/nos-escrimeurs-en-demo\/","url_meta":{"origin":13239,"position":2},"title":"Nos escrimeurs en d\u00e9mo","author":"Alain C.","date":"19 septembre 2017","format":false,"excerpt":"Depuis 2 week end, la Section Paloise Escrime participe \u00e0 diff\u00e9rentes manifestations de promotion. C'est ainsi que samedi dernier, Laurent a propos\u00e9 des initiations dans le cadre de la journ\u00e9e d\u00e9cathlon. Le week end pr\u00e9c\u00e9dent, Alex a initi\u00e9 les enfants \u00e0 la pratique de l'escrime au stade Andr\u00e9 Lavie dans\u2026","rel":"","context":"Dans &quot;Non class\u00e9&quot;","block_context":{"text":"Non class\u00e9","link":"https:\/\/www.escrimepaloise.com\/wordpress\/category\/non-classe\/"},"img":{"alt_text":"","src":"https:\/\/i0.wp.com\/www.escrimepaloise.com\/wordpress\/wp-content\/uploads\/2017\/09\/IMG_2710-e1505807665225.jpg?fit=800%2C600&ssl=1&resize=350%2C200","width":350,"height":200,"srcset":"https:\/\/i0.wp.com\/www.escrimepaloise.com\/wordpress\/wp-content\/uploads\/2017\/09\/IMG_2710-e1505807665225.jpg?fit=800%2C600&ssl=1&resize=350%2C200 1x, https:\/\/i0.wp.com\/www.escrimepaloise.com\/wordpress\/wp-content\/uploads\/2017\/09\/IMG_2710-e1505807665225.jpg?fit=800%2C600&ssl=1&resize=525%2C300 1.5x, https:\/\/i0.wp.com\/www.escrimepaloise.com\/wordpress\/wp-content\/uploads\/2017\/09\/IMG_2710-e1505807665225.jpg?fit=800%2C600&ssl=1&resize=700%2C400 2x"},"classes":[]},{"id":13166,"url":"https:\/\/www.escrimepaloise.com\/wordpress\/2018\/05\/14\/championnats-de-france-m17-dinard-les-bearnais-chez-les-bretons\/","url_meta":{"origin":13239,"position":3},"title":"Championnats de France M17-Dinard \/ Les b\u00e9arnais chez les bretons.","author":"spescrime","date":"14 mai 2018","format":false,"excerpt":"C'\u00e9tait au tour de nos cadets de s'escrimer pour leur ultime rassemblement hexagonal de leur saison. C' est un tr\u00e8s bon bilan d' ensemble qui \u00e0 un rien aurait pu \u00eatre encore meilleur. Tous nos sectionnistes repartent avec une m\u00e9daille autour du cou !!! Pour les \u00e9preuves individuelles N1 beau\u2026","rel":"","context":"Dans &quot;Non class\u00e9&quot;","block_context":{"text":"Non class\u00e9","link":"https:\/\/www.escrimepaloise.com\/wordpress\/category\/non-classe\/"},"img":{"alt_text":"","src":"https:\/\/i0.wp.com\/www.escrimepaloise.com\/wordpress\/wp-content\/uploads\/2018\/05\/DSC_1181.jpg?fit=1200%2C709&ssl=1&resize=350%2C200","width":350,"height":200,"srcset":"https:\/\/i0.wp.com\/www.escrimepaloise.com\/wordpress\/wp-content\/uploads\/2018\/05\/DSC_1181.jpg?fit=1200%2C709&ssl=1&resize=350%2C200 1x, https:\/\/i0.wp.com\/www.escrimepaloise.com\/wordpress\/wp-content\/uploads\/2018\/05\/DSC_1181.jpg?fit=1200%2C709&ssl=1&resize=525%2C300 1.5x, https:\/\/i0.wp.com\/www.escrimepaloise.com\/wordpress\/wp-content\/uploads\/2018\/05\/DSC_1181.jpg?fit=1200%2C709&ssl=1&resize=700%2C400 2x, https:\/\/i0.wp.com\/www.escrimepaloise.com\/wordpress\/wp-content\/uploads\/2018\/05\/DSC_1181.jpg?fit=1200%2C709&ssl=1&resize=1050%2C600 3x"},"classes":[]},{"id":14180,"url":"https:\/\/www.escrimepaloise.com\/wordpress\/2019\/12\/16\/les-cadets-confirment\/","url_meta":{"origin":13239,"position":4},"title":"Les cadets confirment","author":"Alain C.","date":"16 d\u00e9cembre 2019","format":false,"excerpt":"Nouvelle tr\u00e8s bonne performance des cadets de la section paloise qui ont r\u00e9ussi dans un contexte tr\u00e8s difficile \u00e0 se hisser parmi les 16 meilleurs mondiaux \u00e0 la coupe du monde organis\u00e9e ce week-end \u00e0 M\u00f6dling en banlieue de Vienne. En prenant les 10\u00e8me, 11\u00e8me et 16\u00e8me place, Ugo Latapy,\u2026","rel":"","context":"Dans &quot;Non class\u00e9&quot;","block_context":{"text":"Non class\u00e9","link":"https:\/\/www.escrimepaloise.com\/wordpress\/category\/non-classe\/"},"img":{"alt_text":"","src":"https:\/\/i0.wp.com\/www.escrimepaloise.com\/wordpress\/wp-content\/uploads\/2019\/12\/IMG_3611-e1576520228655.jpg?fit=800%2C1066&ssl=1&resize=350%2C200","width":350,"height":200,"srcset":"https:\/\/i0.wp.com\/www.escrimepaloise.com\/wordpress\/wp-content\/uploads\/2019\/12\/IMG_3611-e1576520228655.jpg?fit=800%2C1066&ssl=1&resize=350%2C200 1x, https:\/\/i0.wp.com\/www.escrimepaloise.com\/wordpress\/wp-content\/uploads\/2019\/12\/IMG_3611-e1576520228655.jpg?fit=800%2C1066&ssl=1&resize=525%2C300 1.5x, https:\/\/i0.wp.com\/www.escrimepaloise.com\/wordpress\/wp-content\/uploads\/2019\/12\/IMG_3611-e1576520228655.jpg?fit=800%2C1066&ssl=1&resize=700%2C400 2x"},"classes":[]},{"id":13953,"url":"https:\/\/www.escrimepaloise.com\/wordpress\/2019\/06\/26\/albin-champion-de-france-minimes\/","url_meta":{"origin":13239,"position":5},"title":"Albin Champion de France Minimes","author":"Alain C.","date":"26 juin 2019","format":false,"excerpt":"La section paloise escrime ach\u00e8ve sa saison des plus belles mani\u00e8res en obtenant un nouveau titre de champion gr\u00e2ce \u00e0 albin Guyonnaud ce week-end \u00e0 H\u00e9nin Beaumont \u00e0 l\u2019occasion des championnats de France minimes d\u2019escrime. Jamais inqui\u00e9t\u00e9 de la journ\u00e9e, Albin a domin\u00e9 tous ses adversaires de la t\u00eate et\u2026","rel":"","context":"Dans &quot;Non class\u00e9&quot;","block_context":{"text":"Non class\u00e9","link":"https:\/\/www.escrimepaloise.com\/wordpress\/category\/non-classe\/"},"img":{"alt_text":"","src":"https:\/\/i0.wp.com\/www.escrimepaloise.com\/wordpress\/wp-content\/uploads\/2019\/06\/9f7efe2b-15f3-477a-9004-3f6e2fbed197-e1561541959815.jpg?fit=800%2C600&ssl=1&resize=350%2C200","width":350,"height":200,"srcset":"https:\/\/i0.wp.com\/www.escrimepaloise.com\/wordpress\/wp-content\/uploads\/2019\/06\/9f7efe2b-15f3-477a-9004-3f6e2fbed197-e1561541959815.jpg?fit=800%2C600&ssl=1&resize=350%2C200 1x, https:\/\/i0.wp.com\/www.escrimepaloise.com\/wordpress\/wp-content\/uploads\/2019\/06\/9f7efe2b-15f3-477a-9004-3f6e2fbed197-e1561541959815.jpg?fit=800%2C600&ssl=1&resize=525%2C300 1.5x, https:\/\/i0.wp.com\/www.escrimepaloise.com\/wordpress\/wp-content\/uploads\/2019\/06\/9f7efe2b-15f3-477a-9004-3f6e2fbed197-e1561541959815.jpg?fit=800%2C600&ssl=1&resize=700%2C400 2x"},"classes":[]}],"_links":{"self":[{"href":"https:\/\/www.escrimepaloise.com\/wordpress\/wp-json\/wp\/v2\/posts\/13239","targetHints":{"allow":["GET"]}}],"collection":[{"href":"https:\/\/www.escrimepaloise.com\/wordpress\/wp-json\/wp\/v2\/posts"}],"about":[{"href":"https:\/\/www.escrimepaloise.com\/wordpress\/wp-json\/wp\/v2\/types\/post"}],"author":[{"embeddable":true,"href":"https:\/\/www.escrimepaloise.com\/wordpress\/wp-json\/wp\/v2\/users\/6"}],"replies":[{"embeddable":true,"href":"https:\/\/www.escrimepaloise.com\/wordpress\/wp-json\/wp\/v2\/comments?post=13239"}],"version-history":[{"count":1,"href":"https:\/\/www.escrimepaloise.com\/wordpress\/wp-json\/wp\/v2\/posts\/13239\/revisions"}],"predecessor-version":[{"id":13242,"href":"https:\/\/www.escrimepaloise.com\/wordpress\/wp-json\/wp\/v2\/posts\/13239\/revisions\/13242"}],"wp:featuredmedia":[{"embeddable":true,"href":"https:\/\/www.escrimepaloise.com\/wordpress\/wp-json\/wp\/v2\/media\/13240"}],"wp:attachment":[{"href":"https:\/\/www.escrimepaloise.com\/wordpress\/wp-json\/wp\/v2\/media?parent=13239"}],"wp:term":[{"taxonomy":"category","embeddable":true,"href":"https:\/\/www.escrimepaloise.com\/wordpress\/wp-json\/wp\/v2\/categories?post=13239"},{"taxonomy":"post_tag","embeddable":true,"href":"https:\/\/www.escrimepaloise.com\/wordpress\/wp-json\/wp\/v2\/tags?post=13239"}],"curies":[{"name":"wp","href":"https:\/\/api.w.org\/{rel}","templated":true}]}}