{"id":13394,"date":"2018-10-30T22:00:09","date_gmt":"2018-10-30T21:00:09","guid":{"rendered":"http:\/\/www.escrimepaloise.com\/wordpress\/?p=13394"},"modified":"2018-10-30T22:00:09","modified_gmt":"2018-10-30T21:00:09","slug":"3-palois-a-sotchi","status":"publish","type":"post","link":"https:\/\/www.escrimepaloise.com\/wordpress\/2018\/10\/30\/3-palois-a-sotchi\/","title":{"rendered":"3 palois \u00e0 Sotchi"},"content":{"rendered":"<div id=\"yiv2437071587yui_3_16_0_ym19_1_1540929722150_4588\" dir=\"ltr\"><span id=\"yiv2437071587yui_3_16_0_ym19_1_1540929722150_4297\">Ce week-end se d\u00e9roule \u00e0 Sotchi en Russie la premi\u00e8re coupe du monde de sabre junior de l&rsquo;ann\u00e9e. Sur 9 fran\u00e7ais s\u00e9lectionn\u00e9s, 3<span id=\"yiv2437071587yui_3_16_0_ym19_1_1540929722150_4414\">\u00a0sont issus de l&rsquo;\u00e9cole d&rsquo;escrime\u00a0de la Section Paloise. Il s&rsquo;agit d&rsquo;Eliott Bibi, qui s&rsquo;entraine depuis cette saison \u00e0 l&rsquo;INSEP, de Samuel Jarry qui vient de finir 5\u00e8me \u00e0 Buenos Aires\u00a0aux Jeux Olympiques de la Jeunesse \u00a0et de Paco Boureau qui a r\u00e9alis\u00e9 un excellent d\u00e9but de saison en finissant 2 fois dans les 5 premiers de sa cat\u00e9gorie. Les ambitions de nos 3 sectionnistes sont diff\u00e9rentes, Eliott essaiera de monter sur le podium autant en individuel que dans l&rsquo;\u00e9preuve par \u00e9quipe avec l&rsquo;\u00e9quipe de France tandis que Samuel et Paco devront ferrailler dur pour esp\u00e9rer bien figurer dans cette coupe du monde qui compte 120 inscrits et une trentaine de nations.\u00a0On a boss\u00e9 tr\u00e8s dur depuis le 20 ao\u00fbt, commente Alain Coicaud leur coach. \u00a0Nos 3 palois ont des armes \u00e0 faire jouer, il faudra r\u00e9aliser des bonnes poules et aussi avoir un minimum de r\u00e9ussite dans le tableau pour r\u00e9aliser une bonne performance. Quelque soit le r\u00e9sultat, on continuera \u00e0 travailler d&rsquo;arrache pied\u00a0car je crois \u00e9norm\u00e9ment en ces jeunes. Premier \u00e9l\u00e9ment de r\u00e9ponse\u00a0samedi pour l&rsquo;\u00e9preuve individuelle et dimanche pour le par \u00e9quipes. <span id=\"yiv2437071587yui_3_16_0_ym19_1_1540929722150_4348\"><span id=\"yiv2437071587yui_3_16_0_ym19_1_1540929722150_4817\"><span id=\"yiv2437071587yui_3_16_0_ym19_1_1540929722150_4816\"><span id=\"yiv2437071587yui_3_16_0_ym19_1_1540929722150_4785\"><span id=\"yiv2437071587yui_3_16_0_ym19_1_1540929722150_4786\"><span id=\"yiv2437071587yui_3_16_0_ym19_1_1540929722150_4789\"><span id=\"yiv2437071587yui_3_16_0_ym19_1_1540929722150_4790\"><span id=\"yiv2437071587yui_3_16_0_ym19_1_1540929722150_4792\"><span id=\"yiv2437071587yui_3_16_0_ym19_1_1540929722150_4794\"><span id=\"yiv2437071587yui_3_16_0_ym19_1_1540929722150_4796\"><span id=\"yiv2437071587yui_3_16_0_ym19_1_1540929722150_4797\"><\/span><\/span><\/span><\/span><\/span><\/span><\/span><\/span><\/span><\/span><\/span><\/span><\/span><\/div>\n","protected":false},"excerpt":{"rendered":"<p>Ce week-end se d\u00e9roule \u00e0 Sotchi en Russie la premi\u00e8re coupe du monde de sabre junior de l&rsquo;ann\u00e9e. Sur 9 fran\u00e7ais s\u00e9lectionn\u00e9s, 3\u00a0sont issus de l&rsquo;\u00e9cole d&rsquo;escrime\u00a0de la Section Paloise. Il s&rsquo;agit d&rsquo;Eliott Bibi, qui s&rsquo;entraine depuis cette saison \u00e0 l&rsquo;INSEP, de Samuel Jarry qui vient de finir 5\u00e8me \u00e0 Buenos Aires\u00a0aux Jeux Olympiques de [&hellip;]<\/p>\n","protected":false},"author":6,"featured_media":13395,"comment_status":"closed","ping_status":"closed","sticky":false,"template":"","format":"standard","meta":{"jetpack_post_was_ever_published":false,"_jetpack_newsletter_access":"","_jetpack_dont_email_post_to_subs":false,"_jetpack_newsletter_tier_id":0,"_jetpack_memberships_contains_paywalled_content":false,"_jetpack_memberships_contains_paid_content":false,"footnotes":"","jetpack_publicize_message":"","jetpack_publicize_feature_enabled":true,"jetpack_social_post_already_shared":true,"jetpack_social_options":{"image_generator_settings":{"template":"highway","default_image_id":0,"font":"","enabled":false},"version":2}},"categories":[1],"tags":[],"class_list":["post-13394","post","type-post","status-publish","format-standard","has-post-thumbnail","hentry","category-non-classe"],"jetpack_publicize_connections":[],"jetpack_featured_media_url":"https:\/\/i0.wp.com\/www.escrimepaloise.com\/wordpress\/wp-content\/uploads\/2018\/10\/IMG_0800-e1540933167999.jpg?fit=800%2C600&ssl=1","jetpack_sharing_enabled":true,"jetpack_shortlink":"https:\/\/wp.me\/p8aWQh-3u2","jetpack-related-posts":[{"id":14094,"url":"https:\/\/www.escrimepaloise.com\/wordpress\/2019\/11\/04\/coupe-du-monde-juniors-de-sotchi-paco-boureau-en-bronze\/","url_meta":{"origin":13394,"position":0},"title":"Coupe du monde juniors de Sotchi &#8211; Paco Boureau en bronze","author":"Alain C.","date":"4 novembre 2019","format":false,"excerpt":"Apr\u00e8s la victoire d'Eliott Bibi obtenue en 2018 dans l'\u00e9preuve individuelle, Paco Boureau obtient le bronze par \u00e9quipe avec l'\u00e9quipe de France gr\u00e2ce \u00e0 une victoire 45 \u00e0 37 sur l'\u00e9quipe d'Espagne dans le match pour la troisi\u00e8me place. Cette m\u00e9daille concr\u00e9tise un bon d\u00e9but de saison de notre sectionniste\u2026","rel":"","context":"Dans &quot;Non class\u00e9&quot;","block_context":{"text":"Non class\u00e9","link":"https:\/\/www.escrimepaloise.com\/wordpress\/category\/non-classe\/"},"img":{"alt_text":"","src":"https:\/\/i0.wp.com\/www.escrimepaloise.com\/wordpress\/wp-content\/uploads\/2019\/11\/bd5612fb-3c7f-4045-8c24-8cf27130fd3a-e1572864351885.jpg?fit=676%2C1200&ssl=1&resize=350%2C200","width":350,"height":200,"srcset":"https:\/\/i0.wp.com\/www.escrimepaloise.com\/wordpress\/wp-content\/uploads\/2019\/11\/bd5612fb-3c7f-4045-8c24-8cf27130fd3a-e1572864351885.jpg?fit=676%2C1200&ssl=1&resize=350%2C200 1x, https:\/\/i0.wp.com\/www.escrimepaloise.com\/wordpress\/wp-content\/uploads\/2019\/11\/bd5612fb-3c7f-4045-8c24-8cf27130fd3a-e1572864351885.jpg?fit=676%2C1200&ssl=1&resize=525%2C300 1.5x"},"classes":[]},{"id":13397,"url":"https:\/\/www.escrimepaloise.com\/wordpress\/2018\/11\/03\/eliott-bibi-remporte-la-coupe-du-monde-junior-de-sabre-a-sotchi\/","url_meta":{"origin":13394,"position":1},"title":"Eliott Bibi remporte la coupe du monde junior de sabre \u00e0 Sotchi.","author":"Alain C.","date":"3 novembre 2018","format":false,"excerpt":"\u00a0\u00a0\u00a0\u00a0\u00a0\u00a0\u00a0\u00a0Superbe exploit d\u2019Eliott Bibi qui remporte la premi\u00e8re coupe du monde de l\u2019ann\u00e9e \u00e0 Sotchi sur les bords de la mer noire. Arriv\u00e9 \u00e0 4h du matin suite \u00e0 des retards d\u2019avion, Notre sectionniste a commenc\u00e9 la journ\u00e9e doucement, cr\u00e9dit\u00e9 seulement de 4v sur 6matchs en tour pr\u00e9liminaire. La suite\u2026","rel":"","context":"Dans &quot;Non class\u00e9&quot;","block_context":{"text":"Non class\u00e9","link":"https:\/\/www.escrimepaloise.com\/wordpress\/category\/non-classe\/"},"img":{"alt_text":"","src":"https:\/\/i0.wp.com\/www.escrimepaloise.com\/wordpress\/wp-content\/uploads\/2018\/11\/IMG_0834.jpg?fit=593%2C1149&ssl=1&resize=350%2C200","width":350,"height":200,"srcset":"https:\/\/i0.wp.com\/www.escrimepaloise.com\/wordpress\/wp-content\/uploads\/2018\/11\/IMG_0834.jpg?fit=593%2C1149&ssl=1&resize=350%2C200 1x, https:\/\/i0.wp.com\/www.escrimepaloise.com\/wordpress\/wp-content\/uploads\/2018\/11\/IMG_0834.jpg?fit=593%2C1149&ssl=1&resize=525%2C300 1.5x"},"classes":[]},{"id":24562,"url":"https:\/\/www.escrimepaloise.com\/wordpress\/2021\/10\/14\/les-sabreurs-palois-en-nombre-sur-le-podium\/","url_meta":{"origin":13394,"position":2},"title":"Les sabreurs palois en nombre sur le podium.","author":"Alain","date":"14 octobre 2021","format":false,"excerpt":"http:\/\/resultatsCe week-end avait lieu \u00e0 Gisors\u00a0 le premier circuit national juniors de la saison s\u00e9lectif pour la premi\u00e8re coupe du monde juniors qui aura lieu \u00e0 Sotchi d\u00e9but novembre. 4 sectionnistes se classent dans les 8 premiers, avec les deuxi\u00e8mes et troisi\u00e8mes places de Lucas Guilley et Pierre Blasco, Albin\u2026","rel":"","context":"Dans &quot;Non class\u00e9&quot;","block_context":{"text":"Non class\u00e9","link":"https:\/\/www.escrimepaloise.com\/wordpress\/category\/non-classe\/"},"img":{"alt_text":"","src":"https:\/\/i0.wp.com\/www.escrimepaloise.com\/wordpress\/wp-content\/uploads\/2021\/10\/IMG_7849-e1634235428387.jpg?fit=800%2C668&ssl=1&resize=350%2C200","width":350,"height":200,"srcset":"https:\/\/i0.wp.com\/www.escrimepaloise.com\/wordpress\/wp-content\/uploads\/2021\/10\/IMG_7849-e1634235428387.jpg?fit=800%2C668&ssl=1&resize=350%2C200 1x, https:\/\/i0.wp.com\/www.escrimepaloise.com\/wordpress\/wp-content\/uploads\/2021\/10\/IMG_7849-e1634235428387.jpg?fit=800%2C668&ssl=1&resize=525%2C300 1.5x, https:\/\/i0.wp.com\/www.escrimepaloise.com\/wordpress\/wp-content\/uploads\/2021\/10\/IMG_7849-e1634235428387.jpg?fit=800%2C668&ssl=1&resize=700%2C400 2x"},"classes":[]},{"id":13655,"url":"https:\/\/www.escrimepaloise.com\/wordpress\/2019\/02\/12\/5-sectionnistes-en-coupe-du-monde-juniors\/","url_meta":{"origin":13394,"position":3},"title":"5 sectionnistes en coupe du monde juniors","author":"Alain C.","date":"12 f\u00e9vrier 2019","format":false,"excerpt":"\u00a0 Ce week-end \u00e0 Dourdan se d\u00e9roulera la coupe du monde juniors au sabre, s\u00e9lective pour les championnats d'Europe qui auront lieu cette ann\u00e9e\u00a0\u00e0 Foggia en Italie \u00e0 la fin du mois. Sur les 20 fran\u00e7ais s\u00e9lectionn\u00e9s, 5 sont palois, ce qui repr\u00e9sente 1\/4 de la d\u00e9l\u00e9gation tricolore. On retrouvera\u2026","rel":"","context":"Dans &quot;Non class\u00e9&quot;","block_context":{"text":"Non class\u00e9","link":"https:\/\/www.escrimepaloise.com\/wordpress\/category\/non-classe\/"},"img":{"alt_text":"","src":"https:\/\/i0.wp.com\/www.escrimepaloise.com\/wordpress\/wp-content\/uploads\/2019\/02\/IMG_1521-e1549987834236.jpg?fit=800%2C600&ssl=1&resize=350%2C200","width":350,"height":200,"srcset":"https:\/\/i0.wp.com\/www.escrimepaloise.com\/wordpress\/wp-content\/uploads\/2019\/02\/IMG_1521-e1549987834236.jpg?fit=800%2C600&ssl=1&resize=350%2C200 1x, https:\/\/i0.wp.com\/www.escrimepaloise.com\/wordpress\/wp-content\/uploads\/2019\/02\/IMG_1521-e1549987834236.jpg?fit=800%2C600&ssl=1&resize=525%2C300 1.5x, https:\/\/i0.wp.com\/www.escrimepaloise.com\/wordpress\/wp-content\/uploads\/2019\/02\/IMG_1521-e1549987834236.jpg?fit=800%2C600&ssl=1&resize=700%2C400 2x"},"classes":[]},{"id":13660,"url":"https:\/\/www.escrimepaloise.com\/wordpress\/2019\/02\/18\/coupe-du-monde-de-dourdan-bibi-et-boureau-aux-sommets\/","url_meta":{"origin":13394,"position":4},"title":"Coupe du monde de Dourdan &#8211;    Bibi et Boureau aux sommets","author":"Alain C.","date":"18 f\u00e9vrier 2019","format":false,"excerpt":"\u00c9liott Bibi remporte ce week-end \u00e0 Dourdan la derni\u00e8re manche de la coupe du monde de sabre junior en battant en finale l\u2019am\u00e9ricain Saron 15 a 13, avec beaucoup de ma\u00eetrise et de maturit\u00e9. Apr\u00e8s sa victoire \u00e0 Sotchi en d\u00e9but de saison, ses 2 podiums \u00e0 Varsovie et Dormagen,\u2026","rel":"","context":"Dans &quot;Non class\u00e9&quot;","block_context":{"text":"Non class\u00e9","link":"https:\/\/www.escrimepaloise.com\/wordpress\/category\/non-classe\/"},"img":{"alt_text":"","src":"https:\/\/i0.wp.com\/www.escrimepaloise.com\/wordpress\/wp-content\/uploads\/2019\/02\/IMG_1589-e1550511229289.jpg?fit=800%2C600&ssl=1&resize=350%2C200","width":350,"height":200,"srcset":"https:\/\/i0.wp.com\/www.escrimepaloise.com\/wordpress\/wp-content\/uploads\/2019\/02\/IMG_1589-e1550511229289.jpg?fit=800%2C600&ssl=1&resize=350%2C200 1x, https:\/\/i0.wp.com\/www.escrimepaloise.com\/wordpress\/wp-content\/uploads\/2019\/02\/IMG_1589-e1550511229289.jpg?fit=800%2C600&ssl=1&resize=525%2C300 1.5x, https:\/\/i0.wp.com\/www.escrimepaloise.com\/wordpress\/wp-content\/uploads\/2019\/02\/IMG_1589-e1550511229289.jpg?fit=800%2C600&ssl=1&resize=700%2C400 2x"},"classes":[]},{"id":14159,"url":"https:\/\/www.escrimepaloise.com\/wordpress\/2019\/12\/02\/nos-sabreurs-en-verve-a-eislingen-et-a-seyssins\/","url_meta":{"origin":13394,"position":5},"title":"Nos sabreurs en verve \u00e0 Eislingen et \u00e0 Seyssins","author":"Alain C.","date":"2 d\u00e9cembre 2019","format":false,"excerpt":"Encore un grand week-end pour nos escrimeurs engag\u00e9s en coupe d'Europe cadet \u00e0 Eislingen et en circuit national s\u00e9niors \u00e0 Seyssins en banlieue grenobloise. Tout d'abord en Allemagne avec 4 engag\u00e9s dans un contexte international tr\u00e8s relev\u00e9 (quelques 200 participants filles et gar\u00e7ons avec les meilleurs nations dont les italiens,\u2026","rel":"","context":"Dans &quot;Non class\u00e9&quot;","block_context":{"text":"Non class\u00e9","link":"https:\/\/www.escrimepaloise.com\/wordpress\/category\/non-classe\/"},"img":{"alt_text":"","src":"https:\/\/i0.wp.com\/www.escrimepaloise.com\/wordpress\/wp-content\/uploads\/2019\/12\/IMG_3557.jpg?fit=720%2C960&ssl=1&resize=350%2C200","width":350,"height":200,"srcset":"https:\/\/i0.wp.com\/www.escrimepaloise.com\/wordpress\/wp-content\/uploads\/2019\/12\/IMG_3557.jpg?fit=720%2C960&ssl=1&resize=350%2C200 1x, https:\/\/i0.wp.com\/www.escrimepaloise.com\/wordpress\/wp-content\/uploads\/2019\/12\/IMG_3557.jpg?fit=720%2C960&ssl=1&resize=525%2C300 1.5x, https:\/\/i0.wp.com\/www.escrimepaloise.com\/wordpress\/wp-content\/uploads\/2019\/12\/IMG_3557.jpg?fit=720%2C960&ssl=1&resize=700%2C400 2x"},"classes":[]}],"_links":{"self":[{"href":"https:\/\/www.escrimepaloise.com\/wordpress\/wp-json\/wp\/v2\/posts\/13394","targetHints":{"allow":["GET"]}}],"collection":[{"href":"https:\/\/www.escrimepaloise.com\/wordpress\/wp-json\/wp\/v2\/posts"}],"about":[{"href":"https:\/\/www.escrimepaloise.com\/wordpress\/wp-json\/wp\/v2\/types\/post"}],"author":[{"embeddable":true,"href":"https:\/\/www.escrimepaloise.com\/wordpress\/wp-json\/wp\/v2\/users\/6"}],"replies":[{"embeddable":true,"href":"https:\/\/www.escrimepaloise.com\/wordpress\/wp-json\/wp\/v2\/comments?post=13394"}],"version-history":[{"count":1,"href":"https:\/\/www.escrimepaloise.com\/wordpress\/wp-json\/wp\/v2\/posts\/13394\/revisions"}],"predecessor-version":[{"id":13396,"href":"https:\/\/www.escrimepaloise.com\/wordpress\/wp-json\/wp\/v2\/posts\/13394\/revisions\/13396"}],"wp:featuredmedia":[{"embeddable":true,"href":"https:\/\/www.escrimepaloise.com\/wordpress\/wp-json\/wp\/v2\/media\/13395"}],"wp:attachment":[{"href":"https:\/\/www.escrimepaloise.com\/wordpress\/wp-json\/wp\/v2\/media?parent=13394"}],"wp:term":[{"taxonomy":"category","embeddable":true,"href":"https:\/\/www.escrimepaloise.com\/wordpress\/wp-json\/wp\/v2\/categories?post=13394"},{"taxonomy":"post_tag","embeddable":true,"href":"https:\/\/www.escrimepaloise.com\/wordpress\/wp-json\/wp\/v2\/tags?post=13394"}],"curies":[{"name":"wp","href":"https:\/\/api.w.org\/{rel}","templated":true}]}}