{"id":13963,"date":"2019-07-20T00:25:53","date_gmt":"2019-07-19T22:25:53","guid":{"rendered":"http:\/\/www.escrimepaloise.com\/wordpress\/?p=13963"},"modified":"2019-07-29T22:47:18","modified_gmt":"2019-07-29T20:47:18","slug":"la-fete-de-fin-dannee","status":"publish","type":"post","link":"https:\/\/www.escrimepaloise.com\/wordpress\/2019\/07\/20\/la-fete-de-fin-dannee\/","title":{"rendered":"La f\u00eate de fin d&rsquo;ann\u00e9e"},"content":{"rendered":"<p>Cette ann\u00e9e encore, la f\u00eate de fin d&rsquo;ann\u00e9e se d\u00e9roulait au restaurant AYGO \u00e0 la base d&rsquo;eaux-vives, l&rsquo;occasion faite \u00e0 notre Pr\u00e9sident Benoit Allias de retracer le palmar\u00e8s exceptionnel de l&rsquo;ann\u00e9e en cours. Tandis que Laurent et Alain faisaient un inventaire des prix boulettes mettant en valeur nos escrimeurs ayant commis quelques faits d&rsquo;armes dr\u00f4les. Enfin, les tabliers r\u00e9compensant \u00a0le meilleure et la meilleure escrimeuse de l&rsquo;ann\u00e9e ann\u00e9e ont \u00e9t\u00e9 remis \u00e0 Roxane Cayrat et Albin Guyonnaud.<\/p>\n<p>&nbsp;<\/p>\n<p align=\"center\"><span style=\"font-family: Liberation Sans, sans-serif\"><span style=\"font-size: 300%\">PALMARES 2019<\/span><\/span><\/p>\n<p>&nbsp;<\/p>\n<p align=\"center\"><span style=\"font-family: Liberation Sans, sans-serif\"><span style=\"font-size: large\">CHAMPIONNATS D\u2019EUROPE<\/span><\/span><\/p>\n<p>&nbsp;<\/p>\n<table width=\"689\" cellspacing=\"0\" cellpadding=\"5\">\n<colgroup>\n<col width=\"176\" \/>\n<col width=\"117\" \/>\n<col width=\"70\" \/>\n<col width=\"284\" \/><\/colgroup>\n<tbody>\n<tr valign=\"top\">\n<td width=\"176\"><span style=\"font-size: large\"><b>2019 \u2013 FOGGIA<\/b><\/span><\/p>\n<p><span style=\"font-size: large\"><b>M\u00e9daille d\u2019OR<\/b><\/span><\/td>\n<td width=\"117\">\n<p align=\"center\"><span style=\"font-size: large\">Sabre Equipe <\/span><\/p>\n<\/td>\n<td width=\"70\">\n<p lang=\"en-GB\" align=\"center\"><span style=\"font-size: large\">Junior<\/span><\/p>\n<\/td>\n<td width=\"284\">\n<p align=\"center\"><span style=\"font-size: large\">Eliott Bibi<\/span><\/p>\n<\/td>\n<\/tr>\n<\/tbody>\n<\/table>\n<h1 class=\"western\"><span style=\"font-size: large\">COUPES DU MONDE<\/span><\/h1>\n<table width=\"709\" cellspacing=\"0\" cellpadding=\"5\">\n<colgroup>\n<col width=\"176\" \/>\n<col width=\"110\" \/>\n<col width=\"65\" \/>\n<col width=\"317\" \/><\/colgroup>\n<tbody>\n<tr valign=\"top\">\n<td width=\"176\"><span style=\"font-size: large\"><b>2018 \u2013 Sotchi<\/b><\/span><\/p>\n<p lang=\"de-DE\"><span style=\"font-size: large\"><b>M\u00e9daille D\u2018Or <\/b><\/span><\/p>\n<\/td>\n<td width=\"110\">\n<p align=\"center\"><span style=\"font-size: large\">Sabre Ind<\/span><\/p>\n<\/td>\n<td width=\"65\">\n<p align=\"center\"><span style=\"font-size: large\">Junior<\/span><\/p>\n<\/td>\n<td width=\"317\">\n<p align=\"center\"><span style=\"font-size: large\">Eliott Bibi<\/span><\/p>\n<\/td>\n<\/tr>\n<tr valign=\"top\">\n<td width=\"176\"><span style=\"font-size: large\"><b>2018 \u2013 Sotchi<\/b><\/span><\/p>\n<p lang=\"de-DE\"><span style=\"font-size: large\"><b>M\u00e9daille D\u2018Or Equipe<\/b><\/span><\/p>\n<\/td>\n<td width=\"110\">\n<p align=\"center\"><span style=\"font-size: large\">Sabre Ind<\/span><\/p>\n<\/td>\n<td width=\"65\">\n<p align=\"center\"><span style=\"font-size: large\">Junior<\/span><\/p>\n<\/td>\n<td width=\"317\">\n<p align=\"center\"><span style=\"font-size: large\">Eliott Bibi<\/span><\/p>\n<\/td>\n<\/tr>\n<tr valign=\"top\">\n<td width=\"176\"><span style=\"font-size: large\"><b>2018 \u2013 VARSOVIE<\/b><\/span><\/p>\n<p lang=\"de-DE\"><span style=\"font-size: large\"><b>M\u00e9daille De Bronze<\/b><\/span><\/p>\n<\/td>\n<td width=\"110\">\n<p align=\"center\"><span style=\"font-size: large\">Sabre Ind<\/span><\/p>\n<\/td>\n<td width=\"65\">\n<p align=\"center\"><span style=\"font-size: large\">Junior<\/span><\/p>\n<\/td>\n<td width=\"317\">\n<p align=\"center\"><span style=\"font-size: large\">Eliott Bibi<\/span><\/p>\n<\/td>\n<\/tr>\n<tr valign=\"top\">\n<td width=\"176\"><span style=\"font-size: large\"><b>2018 \u2013 DORMAGEN<\/b><\/span><\/p>\n<p lang=\"de-DE\"><span style=\"font-size: large\"><b>M\u00e9daille D\u2018argent<\/b><\/span><\/p>\n<\/td>\n<td width=\"110\">\n<p align=\"center\"><span style=\"font-size: large\">Sabre Ind<\/span><\/p>\n<\/td>\n<td width=\"65\">\n<p align=\"center\"><span style=\"font-size: large\">Junior<\/span><\/p>\n<\/td>\n<td width=\"317\">\n<p align=\"center\"><span style=\"font-size: large\">Eliott Bibi<\/span><\/p>\n<\/td>\n<\/tr>\n<tr valign=\"top\">\n<td width=\"176\"><span style=\"font-size: large\"><b>2019 \u2013 DOURDAN<\/b><\/span><\/p>\n<p lang=\"de-DE\"><span style=\"font-size: large\"><b>M\u00e9daille D\u2018or<\/b><\/span><\/p>\n<\/td>\n<td width=\"110\">\n<p align=\"center\"><span style=\"font-size: large\">Sabre Ind<\/span><\/p>\n<\/td>\n<td width=\"65\">\n<p align=\"center\"><span style=\"font-size: large\">Junior<\/span><\/p>\n<\/td>\n<td width=\"317\">\n<p align=\"center\"><span style=\"font-size: large\">Eliott Bibi<\/span><\/p>\n<\/td>\n<\/tr>\n<tr valign=\"top\">\n<td width=\"176\"><span style=\"font-size: large\"><b>2019 \u2013 DOURDAN<\/b><\/span><\/p>\n<p lang=\"de-DE\"><span style=\"font-size: large\"><b>M\u00e9daille De bronze<\/b><\/span><\/p>\n<\/td>\n<td width=\"110\">\n<p align=\"center\"><span style=\"font-size: large\">Sabre Ind<\/span><\/p>\n<\/td>\n<td width=\"65\">\n<p align=\"center\"><span style=\"font-size: large\">Junior<\/span><\/p>\n<\/td>\n<td width=\"317\">\n<p align=\"center\"><span style=\"font-size: large\">Paco Boureau<\/span><\/p>\n<\/td>\n<\/tr>\n<tr valign=\"top\">\n<td width=\"176\"><span style=\"font-size: large\"><b>2019 \u2013 DOURDAN<\/b><\/span><\/p>\n<p lang=\"de-DE\"><span style=\"font-size: large\"><b>M\u00e9daille De bronze<\/b><\/span><\/p>\n<\/td>\n<td width=\"110\">\n<p align=\"center\"><span style=\"font-size: large\">Sabre Equipe<\/span><\/p>\n<\/td>\n<td width=\"65\">\n<p align=\"center\"><span style=\"font-size: large\">Junior<\/span><\/p>\n<\/td>\n<td width=\"317\">\n<p align=\"center\"><span style=\"font-size: large\">Eliott Bibi, Paco Boureau<\/span><\/p>\n<\/td>\n<\/tr>\n<\/tbody>\n<\/table>\n<h2 class=\"western\"><\/h2>\n<h2 class=\"western\"><\/h2>\n<h2 class=\"western\"><\/h2>\n<h2 class=\"western\"><\/h2>\n<h2 class=\"western\"><\/h2>\n<h2 class=\"western\"><\/h2>\n<h2 class=\"western\"><\/h2>\n<h2 class=\"western\"><\/h2>\n<h2 class=\"western\"><span style=\"font-size: large\">CIRCUIT NATIONAL\u00a0<\/span><span style=\"font-size: large\">: <\/span><span style=\"font-size: large\">6<\/span><span style=\"color: #00cc33\"><span style=\"font-size: large\"> OR<\/span><\/span><span style=\"font-size: large\">, 5 BRONZE<\/span><\/h2>\n<table width=\"699\" cellspacing=\"0\" cellpadding=\"5\">\n<colgroup>\n<col width=\"181\" \/>\n<col width=\"113\" \/>\n<col width=\"92\" \/>\n<col width=\"271\" \/><\/colgroup>\n<tbody>\n<tr valign=\"top\">\n<td width=\"181\">\n<p lang=\"nl-NL\"><span style=\"color: #ed1c24\"><span style=\"font-size: large\"><b>2018\u2013Gisors<\/b><\/span><\/span><\/p>\n<p lang=\"nl-NL\"><span style=\"color: #ed1c24\"> <span style=\"font-size: large\"><b>MEDAILLE D\u2019OR<\/b><\/span><\/span><\/p>\n<\/td>\n<td width=\"113\">\n<p align=\"center\"><span style=\"color: #ed1c24\"><span style=\"font-size: large\">Sabre Individuel<\/span><\/span><\/p>\n<\/td>\n<td width=\"92\">\n<p align=\"center\"><span style=\"color: #ed1c24\"><span style=\"font-size: large\">M20<\/span><\/span><\/p>\n<\/td>\n<td width=\"271\">\n<p lang=\"nl-NL\" align=\"center\"><span style=\"color: #ed1c24\"><span style=\"font-size: large\">Eliott Bibi<\/span><\/span><\/p>\n<\/td>\n<\/tr>\n<tr valign=\"top\">\n<td width=\"181\">\n<p lang=\"nl-NL\"><span style=\"font-size: large\"><b>2018\u2013Gemenos<\/b><\/span><\/p>\n<p lang=\"nl-NL\"><span style=\"font-size: large\"><b>MEDAILLE DE BRONZE<\/b><\/span><\/p>\n<\/td>\n<td width=\"113\">\n<p align=\"center\"><span style=\"font-size: large\">Sabre Individuel<\/span><\/p>\n<\/td>\n<td width=\"92\">\n<p align=\"center\"><span style=\"font-size: large\">M17<\/span><\/p>\n<\/td>\n<td width=\"271\">\n<p lang=\"nl-NL\" align=\"center\"><span style=\"font-size: large\">Pierre Blasco<\/span><\/p>\n<\/td>\n<\/tr>\n<tr valign=\"top\">\n<td width=\"181\">\n<p lang=\"nl-NL\"><span style=\"color: #ed1c24\"><span style=\"font-size: large\"><b>2018\u2013Dijon<\/b><\/span><\/span><\/p>\n<p lang=\"nl-NL\"><span style=\"color: #ed1c24\"> <span style=\"font-size: large\"><b>MEDAILLE D\u2019OR<\/b><\/span><\/span><\/p>\n<\/td>\n<td width=\"113\">\n<p align=\"center\"><span style=\"color: #ed1c24\"><span style=\"font-size: large\">Sabre Individuel<\/span><\/span><\/p>\n<\/td>\n<td width=\"92\">\n<p align=\"center\"><span style=\"color: #ed1c24\"><span style=\"font-size: large\">M20<\/span><\/span><\/p>\n<\/td>\n<td width=\"271\">\n<p lang=\"nl-NL\" align=\"center\"><span style=\"color: #ed1c24\"><span style=\"font-size: large\">Paco Boureau<\/span><\/span><\/p>\n<\/td>\n<\/tr>\n<tr valign=\"top\">\n<td width=\"181\">\n<p lang=\"nl-NL\"><span style=\"color: #ed1c24\"><span style=\"font-size: large\"><b>2018\u2013Tarbes<\/b><\/span><\/span><\/p>\n<p lang=\"nl-NL\"><span style=\"color: #ed1c24\"> <span style=\"font-size: large\"><b>MEDAILLE D\u2019OR<\/b><\/span><\/span><\/p>\n<\/td>\n<td width=\"113\">\n<p align=\"center\"><span style=\"color: #ed1c24\"><span style=\"font-size: large\">Sabre Individuel<\/span><\/span><\/p>\n<\/td>\n<td width=\"92\">\n<p align=\"center\"><span style=\"color: #ed1c24\"><span style=\"font-size: large\">M17<\/span><\/span><\/p>\n<\/td>\n<td width=\"271\">\n<p lang=\"nl-NL\" align=\"center\"><span style=\"color: #ed1c24\"><span style=\"font-size: large\">Henri Gaudin<\/span><\/span><\/p>\n<\/td>\n<\/tr>\n<tr valign=\"top\">\n<td width=\"181\">\n<p lang=\"nl-NL\"><span style=\"font-size: large\"><b>2018\u2013Seyssins<\/b><\/span><\/p>\n<p lang=\"nl-NL\"><span style=\"font-size: large\"><b>MEDAILLE DE BRONZE<\/b><\/span><\/p>\n<\/td>\n<td width=\"113\">\n<p align=\"center\"><span style=\"font-size: large\">Sabre Individuel<\/span><\/p>\n<\/td>\n<td width=\"92\">\n<p align=\"center\"><span style=\"font-size: large\">S\u00e9niors<\/span><\/p>\n<\/td>\n<td width=\"271\">\n<p lang=\"nl-NL\" align=\"center\"><span style=\"font-size: large\">Cl\u00e9ment Cambeilh<\/span><\/p>\n<\/td>\n<\/tr>\n<tr valign=\"top\">\n<td width=\"181\">\n<p lang=\"nl-NL\"><span style=\"font-size: large\"><b>2019\u2013Jou\u00e9 Les Tours<\/b><\/span><\/p>\n<p lang=\"nl-NL\"><span style=\"font-size: large\"><b>MEDAILLE DE BRONZE<\/b><\/span><\/p>\n<\/td>\n<td width=\"113\">\n<p align=\"center\"><span style=\"font-size: large\">Sabre Individuel<\/span><\/p>\n<\/td>\n<td width=\"92\">\n<p align=\"center\"><span style=\"font-size: large\">M17<\/span><\/p>\n<\/td>\n<td width=\"271\">\n<p lang=\"nl-NL\" align=\"center\"><span style=\"font-size: large\">Henri Gaudin<\/span><\/p>\n<\/td>\n<\/tr>\n<tr valign=\"top\">\n<td width=\"181\">\n<p lang=\"nl-NL\"><span style=\"color: #ed1c24\"><span style=\"font-size: large\"><b>2018\u2013jou\u00e9 Les Tours<\/b><\/span><\/span><\/p>\n<p lang=\"nl-NL\"><span style=\"color: #ed1c24\"> <span style=\"font-size: large\"><b>MEDAILLE D\u2019OR<\/b><\/span><\/span><\/p>\n<\/td>\n<td width=\"113\">\n<p align=\"center\"><span style=\"color: #ed1c24\"><span style=\"font-size: large\">Sabre Equipe<\/span><\/span><\/p>\n<\/td>\n<td width=\"92\">\n<p align=\"center\"><span style=\"color: #ed1c24\"><span style=\"font-size: large\">M20<\/span><\/span><\/p>\n<\/td>\n<td width=\"271\">\n<p lang=\"nl-NL\" align=\"center\"><span style=\"color: #ed1c24\"><span style=\"font-size: large\">Henri Gaudin, Pierre Blasco, Ugo Latapy, Guilhem Jalabert <\/span><\/span><\/p>\n<\/td>\n<\/tr>\n<tr valign=\"top\">\n<td width=\"181\">\n<p lang=\"nl-NL\"><span style=\"font-size: large\"><b>2019\u2013Bourges<\/b><\/span><\/p>\n<p lang=\"nl-NL\"><span style=\"font-size: large\"><b>MEDAILLE DE BRONZE<\/b><\/span><\/p>\n<\/td>\n<td width=\"113\">\n<p align=\"center\"><span style=\"font-size: large\">Sabre Individuel<\/span><\/p>\n<\/td>\n<td width=\"92\">\n<p align=\"center\"><span style=\"font-size: large\">M20<\/span><\/p>\n<\/td>\n<td width=\"271\">\n<p lang=\"nl-NL\" align=\"center\"><span style=\"font-size: large\">Samuel Jarry<\/span><\/p>\n<\/td>\n<\/tr>\n<tr valign=\"top\">\n<td width=\"181\">\n<p lang=\"nl-NL\"><span style=\"color: #ed1c24\"><span style=\"font-size: large\"><b>2018\u2013Besan\u00e7on<\/b><\/span><\/span><\/p>\n<p lang=\"nl-NL\"><span style=\"color: #ed1c24\"> <span style=\"font-size: large\"><b>MEDAILLE D\u2019OR<\/b><\/span><\/span><\/p>\n<\/td>\n<td width=\"113\">\n<p align=\"center\"><span style=\"color: #ed1c24\"><span style=\"font-size: large\">Sabre Individuel<\/span><\/span><\/p>\n<\/td>\n<td width=\"92\">\n<p align=\"center\"><span style=\"color: #ed1c24\"><span style=\"font-size: large\">M15<\/span><\/span><\/p>\n<\/td>\n<td width=\"271\">\n<p lang=\"nl-NL\" align=\"center\"><span style=\"color: #ed1c24\"><span style=\"font-size: large\">Albin Guyonnaud<\/span><\/span><\/p>\n<\/td>\n<\/tr>\n<tr valign=\"top\">\n<td width=\"181\">\n<p lang=\"nl-NL\"><span style=\"font-size: large\"><b>2019\u2013Bourges<\/b><\/span><\/p>\n<p lang=\"nl-NL\"><span style=\"font-size: large\"><b>MEDAILLE DE BRONZE<\/b><\/span><\/p>\n<\/td>\n<td width=\"113\">\n<p align=\"center\"><span style=\"font-size: large\">Sabre Equipe<\/span><\/p>\n<\/td>\n<td width=\"92\">\n<p align=\"center\"><span style=\"font-size: large\">M20<\/span><\/p>\n<\/td>\n<td width=\"271\">\n<p lang=\"nl-NL\" align=\"center\"><span style=\"font-size: large\">Samuel Jarry, Paco Boureau, Alexandre Andreone, Guilhem Jalabert<\/span><\/p>\n<\/td>\n<\/tr>\n<tr valign=\"top\">\n<td width=\"181\">\n<p lang=\"nl-NL\"><span style=\"color: #ff0000\"><span style=\"font-size: large\"><b>2019\u2013Charleville M\u00e9zi\u00e8res<\/b><\/span><\/span><\/p>\n<p lang=\"nl-NL\"><span style=\"color: #ff0000\"> <span style=\"font-size: large\"><b>MEDAILLE D\u2019OR<\/b><\/span><\/span><\/p>\n<\/td>\n<td width=\"113\">\n<p align=\"center\"><span style=\"color: #ff0000\"><span style=\"font-size: large\">Sabre Individuel<\/span><\/span><\/p>\n<\/td>\n<td width=\"92\">\n<p align=\"center\"><span style=\"color: #ff0000\"><span style=\"font-size: large\">M20<\/span><\/span><\/p>\n<\/td>\n<td width=\"271\">\n<p lang=\"nl-NL\" align=\"center\"><span style=\"color: #ff0000\"><span style=\"font-size: large\">Ugo Latapy<\/span><\/span><\/p>\n<\/td>\n<\/tr>\n<\/tbody>\n<\/table>\n<p align=\"center\"><span style=\"font-size: large\"><b>CHAMPIONNATS DE FRANCE (DIVISION 1)<\/b><\/span><\/p>\n<p align=\"center\"><span style=\"font-size: large\"><b>F.F.E.\u00a0: F\u00e9d\u00e9ration Fran\u00e7aise d\u2019Escrime\u00a0: <\/b><\/span><span style=\"font-size: large\"><b>2<\/b><\/span><span style=\"font-size: large\"><b> TITRES<\/b><\/span><b> <\/b><\/p>\n<table width=\"689\" cellspacing=\"0\" cellpadding=\"5\">\n<colgroup>\n<col width=\"156\" \/>\n<col width=\"110\" \/>\n<col width=\"70\" \/>\n<col width=\"311\" \/><\/colgroup>\n<tbody>\n<tr valign=\"top\">\n<td width=\"156\"><span style=\"font-size: large\"><b>2019 \u2013 Pessac<\/b><\/span><\/td>\n<td width=\"110\">\n<p align=\"center\"><span style=\"font-size: large\">Sabre Equipe<\/span><\/p>\n<\/td>\n<td width=\"70\">\n<p align=\"center\"><span style=\"font-size: medium\">Cadet<\/span><\/p>\n<\/td>\n<td width=\"311\">\n<p align=\"center\"><span style=\"font-size: large\">Albin Guyonnaud, Henri Gaudin, Ugo Latapy, Pierre Blasco<\/span><\/p>\n<\/td>\n<\/tr>\n<\/tbody>\n<\/table>\n<table width=\"689\" cellspacing=\"0\" cellpadding=\"5\">\n<colgroup>\n<col width=\"156\" \/>\n<col width=\"109\" \/>\n<col width=\"71\" \/>\n<col width=\"311\" \/><\/colgroup>\n<tbody>\n<tr valign=\"top\">\n<td width=\"156\"><span style=\"font-size: large\"><b>2019 \u2013 <\/b><\/span><span style=\"font-size: large\"><b>H\u00e9nin Beaumont<\/b><\/span><\/td>\n<td width=\"109\">\n<p align=\"center\"><span style=\"font-size: large\">Sabre Ind<\/span><\/p>\n<\/td>\n<td width=\"71\">\n<p align=\"center\"><span style=\"font-size: medium\">Minime<\/span><\/p>\n<\/td>\n<td width=\"311\">\n<p align=\"center\"><span style=\"font-size: large\">Albin Guyonnaud<\/span><\/p>\n<\/td>\n<\/tr>\n<\/tbody>\n<\/table>\n<p align=\"center\"><span style=\"font-size: large\"><b>CHAMPIONNATS DE FRANCE (DIVISION 1)<\/b><\/span><\/p>\n<p align=\"center\"><span style=\"font-size: large\"><b>F.F.E.\u00a0: F\u00e9d\u00e9ration Fran\u00e7aise d\u2019Escrime<\/b><\/span><\/p>\n<h1 class=\"western\"><span style=\"font-size: large\">\u00a0\u00a0\u00a0\u00a0\u00a0\u00a0\u00a0\u00a0\u00a0\u00a0\u00a0\u00a0\u00a0\u00a0\u00a0\u00a0\u00a0\u00a0\u00a0\u00a0\u00a0\u00a0\u00a0\u00a0\u00a0\u00a0\u00a0\u00a0\u00a0\u00a0\u00a0\u00a0\u00a0\u00a0\u00a0\u00a0\u00a0\u00a0\u00a0\u00a0\u00a0\u00a0\u00a0\u00a0\u00a0\u00a0\u00a0\u00a0\u00a0\u00a0\u00a0\u00a0\u00a0\u00a0\u00a0\u00a0\u00a0\u00a0\u00a0\u00a0\u00a0\u00a0\u00a0\u00a0\u00a0\u00a0\u00a0\u00a0\u00a0\u00a0\u00a0\u00a0\u00a0\u00a0\u00a0\u00a0\u00a0\u00a0\u00a0\u00a0\u00a0\u00a0\u00a0\u00a0\u00a0\u00a0\u00a0\u00a0\u00a0\u00a0\u00a0\u00a0\u00a0\u00a0\u00a0\u00a0\u00a0\u00a0\u00a0\u00a0\u00a0\u00a0\u00a0 3<\/span><span style=\"font-size: large\"> M\u00e9dailles d\u2019Argent<\/span><\/h1>\n<table width=\"649\" cellspacing=\"0\" cellpadding=\"0\">\n<colgroup>\n<col width=\"3\" \/> <\/colgroup>\n<colgroup>\n<col width=\"133\" \/> <\/colgroup>\n<colgroup>\n<col width=\"119\" \/> <\/colgroup>\n<colgroup>\n<col width=\"89\" \/> <\/colgroup>\n<colgroup>\n<col width=\"297\" \/> <\/colgroup>\n<colgroup>\n<col width=\"3\" \/>\n<col width=\"3\" \/>\n<col width=\"3\" \/> <\/colgroup>\n<tbody>\n<tr valign=\"top\">\n<td width=\"3\"><\/td>\n<td width=\"133\"><span style=\"font-size: large\"><b>2019 \u2013 Besan\u00e7on<\/b><\/span><\/td>\n<td width=\"119\">\n<p align=\"center\"><span style=\"font-size: large\">Sabre Individuel<\/span><\/p>\n<\/td>\n<td width=\"89\">\n<p align=\"center\"><span style=\"font-size: large\">Cadet<\/span><\/p>\n<\/td>\n<td width=\"297\">\n<p align=\"center\"><span style=\"font-size: large\">Ugo Latapy<\/span><\/p>\n<\/td>\n<td width=\"3\"><\/td>\n<td width=\"3\"><\/td>\n<td width=\"3\"><\/td>\n<\/tr>\n<\/tbody>\n<\/table>\n<table width=\"649\" cellspacing=\"0\" cellpadding=\"0\">\n<colgroup>\n<col width=\"3\" \/> <\/colgroup>\n<colgroup>\n<col width=\"133\" \/> <\/colgroup>\n<colgroup>\n<col width=\"119\" \/> <\/colgroup>\n<colgroup>\n<col width=\"89\" \/> <\/colgroup>\n<colgroup>\n<col width=\"297\" \/> <\/colgroup>\n<colgroup>\n<col width=\"4\" \/>\n<col width=\"3\" \/>\n<col width=\"3\" \/> <\/colgroup>\n<tbody>\n<tr valign=\"top\">\n<td width=\"3\"><\/td>\n<td width=\"133\"><span style=\"font-size: large\"><b>2019 \u2013 <\/b><\/span><span style=\"font-size: large\"><b>Tarbes<\/b><\/span><\/td>\n<td width=\"119\">\n<p align=\"center\"><span style=\"font-size: large\">Sabre Equipe<\/span><\/p>\n<\/td>\n<td width=\"89\">\n<p align=\"center\"><span style=\"font-size: large\">Junior<\/span><\/p>\n<\/td>\n<td width=\"297\">\n<p align=\"center\"><span style=\"font-size: large\">Samuel Jarry, Paco Boureau, Alexandre Andreone<\/span><\/p>\n<\/td>\n<td width=\"4\"><\/td>\n<td width=\"3\"><\/td>\n<td width=\"3\"><\/td>\n<\/tr>\n<\/tbody>\n<\/table>\n<table width=\"649\" cellspacing=\"0\" cellpadding=\"0\">\n<colgroup>\n<col width=\"3\" \/> <\/colgroup>\n<colgroup>\n<col width=\"133\" \/> <\/colgroup>\n<colgroup>\n<col width=\"119\" \/> <\/colgroup>\n<colgroup>\n<col width=\"89\" \/> <\/colgroup>\n<colgroup>\n<col width=\"297\" \/> <\/colgroup>\n<colgroup>\n<col width=\"4\" \/>\n<col width=\"3\" \/>\n<col width=\"3\" \/> <\/colgroup>\n<tbody>\n<tr valign=\"top\">\n<td width=\"3\"><\/td>\n<td width=\"133\"><span style=\"font-size: large\"><b>2019 \u2013 <\/b><\/span><span style=\"font-size: large\"><b>H\u00e9nin Beaumont<\/b><\/span><\/td>\n<td width=\"119\">\n<p align=\"center\"><span style=\"font-size: large\">Sabre Equipe<\/span><\/p>\n<\/td>\n<td width=\"89\">\n<p align=\"center\"><span style=\"font-size: large\">Minime<\/span><\/p>\n<\/td>\n<td width=\"297\">\n<p align=\"center\"><span style=\"font-size: large\">Albin Guyonnaud, F\u00e9lix Ruez<\/span><\/p>\n<\/td>\n<td width=\"4\"><\/td>\n<td width=\"3\"><\/td>\n<td width=\"3\"><\/td>\n<\/tr>\n<\/tbody>\n<\/table>\n<p align=\"center\"><span style=\"font-size: large\"><b>CHAMPIONNATS DE France (DIVISION 1)<\/b><\/span><\/p>\n<p align=\"center\"><span style=\"font-size: large\"><b>F.F.E.\u00a0: F\u00e9d\u00e9ration Fran\u00e7aise d\u2019Escrime<\/b><\/span><\/p>\n<h1 class=\"western\"><span style=\"font-size: large\">\u00a0\u00a0\u00a0\u00a0\u00a0\u00a0\u00a0\u00a0\u00a0\u00a0\u00a0\u00a0\u00a0\u00a0\u00a0\u00a0\u00a0\u00a0\u00a0\u00a0\u00a0\u00a0\u00a0\u00a0\u00a0\u00a0\u00a0\u00a0\u00a0\u00a0\u00a0\u00a0\u00a0\u00a0\u00a0\u00a0\u00a0\u00a0\u00a0\u00a0\u00a0\u00a0\u00a0\u00a0\u00a0\u00a0\u00a0\u00a0\u00a0\u00a0\u00a0\u00a0\u00a0\u00a0\u00a0\u00a0\u00a0\u00a0\u00a0\u00a0\u00a0\u00a0\u00a0\u00a0\u00a0\u00a0\u00a0\u00a0\u00a0\u00a0\u00a0\u00a0\u00a0\u00a0\u00a0\u00a0\u00a0\u00a0\u00a0\u00a0\u00a0\u00a0\u00a0\u00a0\u00a0\u00a0\u00a0\u00a0\u00a0\u00a0\u00a0\u00a0\u00a0\u00a0\u00a0\u00a0\u00a0\u00a0\u00a0\u00a0\u00a0\u00a0\u00a0\u00a0 4<\/span><span style=\"font-size: large\"> M\u00e9dailles de bronze<\/span><\/h1>\n<table width=\"644\" cellspacing=\"0\" cellpadding=\"5\">\n<colgroup>\n<col width=\"153\" \/>\n<col width=\"102\" \/>\n<col width=\"77\" \/>\n<col width=\"270\" \/><\/colgroup>\n<tbody>\n<tr valign=\"top\">\n<td width=\"153\"><span style=\"font-size: large\"><b>2019 \u2013 Bourges<\/b><\/span><\/td>\n<td width=\"102\">\n<p align=\"center\"><span style=\"font-size: large\">Sabre Equipe<\/span><\/p>\n<\/td>\n<td width=\"77\">\n<p align=\"center\"><span style=\"font-size: large\">S\u00e9niors<\/span><\/p>\n<\/td>\n<td width=\"270\">\n<p align=\"center\"><span style=\"font-size: large\">Paco Boureau, Cl\u00e9ment Cambeilh, Romain Miramon, Alberto Pellegrini<\/span><\/p>\n<\/td>\n<\/tr>\n<\/tbody>\n<\/table>\n<p align=\"center\"><span style=\"font-size: large\">D2 et D3 et UNSS<\/span><\/p>\n<table width=\"692\" cellspacing=\"0\" cellpadding=\"5\">\n<colgroup>\n<col width=\"156\" \/>\n<col width=\"112\" \/>\n<col width=\"73\" \/>\n<col width=\"309\" \/><\/colgroup>\n<tbody>\n<tr valign=\"top\">\n<td width=\"156\"><span style=\"font-size: large\"><b>2019 \u2013 Bourges D2<\/b><\/span><\/td>\n<td width=\"112\">\n<p align=\"center\"><span style=\"font-size: large\">Sabre Equipe<\/span><\/p>\n<\/td>\n<td width=\"73\">\n<p align=\"center\"><span style=\"font-size: large\">S\u00e9niors<\/span><\/p>\n<\/td>\n<td width=\"309\">\n<p align=\"center\"><span style=\"font-size: large\">2\u00e8me j\u00e9romine Massou, Laia Vila, Marie Delas, Garance Baylaucq<\/span><\/p>\n<\/td>\n<\/tr>\n<\/tbody>\n<\/table>\n<table width=\"692\" cellspacing=\"0\" cellpadding=\"5\">\n<colgroup>\n<col width=\"156\" \/>\n<col width=\"112\" \/>\n<col width=\"73\" \/>\n<col width=\"309\" \/><\/colgroup>\n<tbody>\n<tr valign=\"top\">\n<td width=\"156\"><span style=\"font-size: large\"><b>2019 \u2013 Bourges D2<\/b><\/span><\/td>\n<td width=\"112\">\n<p align=\"center\"><span style=\"font-size: large\">Sabre Equipe<\/span><\/p>\n<\/td>\n<td width=\"73\">\n<p align=\"center\"><span style=\"font-size: large\">S\u00e9niors<\/span><\/p>\n<\/td>\n<td width=\"309\">\n<p align=\"center\"><span style=\"font-size: large\">2\u00e8me S\u00e9bastian Cuellar, Samuel jarry, Alban Berges, David Trollet<\/span><\/p>\n<\/td>\n<\/tr>\n<\/tbody>\n<\/table>\n<table width=\"692\" cellspacing=\"0\" cellpadding=\"5\">\n<colgroup>\n<col width=\"156\" \/>\n<col width=\"112\" \/>\n<col width=\"73\" \/>\n<col width=\"309\" \/><\/colgroup>\n<tbody>\n<tr valign=\"top\">\n<td width=\"156\"><span style=\"font-size: large\"><b>2019 \u2013 Bourges D3<\/b><\/span><\/td>\n<td width=\"112\">\n<p align=\"center\"><span style=\"font-size: large\">Sabre Equipe<\/span><\/p>\n<\/td>\n<td width=\"73\">\n<p align=\"center\"><span style=\"font-size: large\">S\u00e9niors<\/span><\/p>\n<\/td>\n<td width=\"309\">\n<p align=\"center\"><span style=\"font-size: large\">1<sup>er<\/sup> Quentin Vincenzotto, Mario Palacios, Pierre Vincent Bravi, C\u00e9dric lepetit<\/span><\/p>\n<\/td>\n<\/tr>\n<\/tbody>\n<\/table>\n<p>&nbsp;<\/p>\n","protected":false},"excerpt":{"rendered":"<p>Cette ann\u00e9e encore, la f\u00eate de fin d&rsquo;ann\u00e9e se d\u00e9roulait au restaurant AYGO \u00e0 la base d&rsquo;eaux-vives, l&rsquo;occasion faite \u00e0 notre Pr\u00e9sident Benoit Allias de retracer le palmar\u00e8s exceptionnel de l&rsquo;ann\u00e9e en cours. Tandis que Laurent et Alain faisaient un inventaire des prix boulettes mettant en valeur nos escrimeurs ayant commis quelques faits d&rsquo;armes dr\u00f4les. [&hellip;]<\/p>\n","protected":false},"author":6,"featured_media":13964,"comment_status":"closed","ping_status":"closed","sticky":false,"template":"","format":"standard","meta":{"footnotes":""},"categories":[1],"tags":[],"class_list":["post-13963","post","type-post","status-publish","format-standard","has-post-thumbnail","hentry","category-non-classe"],"_links":{"self":[{"href":"https:\/\/www.escrimepaloise.com\/wordpress\/wp-json\/wp\/v2\/posts\/13963","targetHints":{"allow":["GET"]}}],"collection":[{"href":"https:\/\/www.escrimepaloise.com\/wordpress\/wp-json\/wp\/v2\/posts"}],"about":[{"href":"https:\/\/www.escrimepaloise.com\/wordpress\/wp-json\/wp\/v2\/types\/post"}],"author":[{"embeddable":true,"href":"https:\/\/www.escrimepaloise.com\/wordpress\/wp-json\/wp\/v2\/users\/6"}],"replies":[{"embeddable":true,"href":"https:\/\/www.escrimepaloise.com\/wordpress\/wp-json\/wp\/v2\/comments?post=13963"}],"version-history":[{"count":2,"href":"https:\/\/www.escrimepaloise.com\/wordpress\/wp-json\/wp\/v2\/posts\/13963\/revisions"}],"predecessor-version":[{"id":13983,"href":"https:\/\/www.escrimepaloise.com\/wordpress\/wp-json\/wp\/v2\/posts\/13963\/revisions\/13983"}],"wp:featuredmedia":[{"embeddable":true,"href":"https:\/\/www.escrimepaloise.com\/wordpress\/wp-json\/wp\/v2\/media\/13964"}],"wp:attachment":[{"href":"https:\/\/www.escrimepaloise.com\/wordpress\/wp-json\/wp\/v2\/media?parent=13963"}],"wp:term":[{"taxonomy":"category","embeddable":true,"href":"https:\/\/www.escrimepaloise.com\/wordpress\/wp-json\/wp\/v2\/categories?post=13963"},{"taxonomy":"post_tag","embeddable":true,"href":"https:\/\/www.escrimepaloise.com\/wordpress\/wp-json\/wp\/v2\/tags?post=13963"}],"curies":[{"name":"wp","href":"https:\/\/api.w.org\/{rel}","templated":true}]}}