{"id":13968,"date":"2019-07-20T00:35:41","date_gmt":"2019-07-19T22:35:41","guid":{"rendered":"http:\/\/www.escrimepaloise.com\/wordpress\/?p=13968"},"modified":"2019-07-20T00:35:41","modified_gmt":"2019-07-19T22:35:41","slug":"alain-a-alger","status":"publish","type":"post","link":"https:\/\/www.escrimepaloise.com\/wordpress\/2019\/07\/20\/alain-a-alger\/","title":{"rendered":"Alain \u00e0 Alger"},"content":{"rendered":"<p>Alain a encadr\u00e9 pendant 10 jours \u00e0 Alger un stage de formation des maitres d&rsquo;armes africains, sous l&rsquo;\u00e9gide de la f\u00e9d\u00e9ration internationale d&rsquo;escrime. L&rsquo;occasion d&rsquo;exporter notre savoir faire en mati\u00e8re de formation. 1 lybien, 1 tunisien, 2 congolais, 5 alg\u00e9riens, 1 ivoirien, 1 malgache, 1 gabonnais, 1 s\u00e9n\u00e9galais et 1 malien se sont perfectionn\u00e9s \u00e0 raison de 6 heures par jour dans une ambiance studieuse et d\u00e9contract\u00e9e.<\/p>\n","protected":false},"excerpt":{"rendered":"<p>Alain a encadr\u00e9 pendant 10 jours \u00e0 Alger un stage de formation des maitres d&rsquo;armes africains, sous l&rsquo;\u00e9gide de la f\u00e9d\u00e9ration internationale d&rsquo;escrime. L&rsquo;occasion d&rsquo;exporter notre savoir faire en mati\u00e8re de formation. 1 lybien, 1 tunisien, 2 congolais, 5 alg\u00e9riens, 1 ivoirien, 1 malgache, 1 gabonnais, 1 s\u00e9n\u00e9galais et 1 malien se sont perfectionn\u00e9s \u00e0 [&hellip;]<\/p>\n","protected":false},"author":6,"featured_media":13969,"comment_status":"closed","ping_status":"closed","sticky":false,"template":"","format":"standard","meta":{"jetpack_post_was_ever_published":false,"_jetpack_newsletter_access":"","_jetpack_dont_email_post_to_subs":false,"_jetpack_newsletter_tier_id":0,"_jetpack_memberships_contains_paywalled_content":false,"_jetpack_memberships_contains_paid_content":false,"footnotes":"","jetpack_publicize_message":"","jetpack_publicize_feature_enabled":true,"jetpack_social_post_already_shared":true,"jetpack_social_options":{"image_generator_settings":{"template":"highway","default_image_id":0,"font":"","enabled":false},"version":2}},"categories":[1],"tags":[],"class_list":["post-13968","post","type-post","status-publish","format-standard","has-post-thumbnail","hentry","category-non-classe"],"jetpack_publicize_connections":[],"jetpack_featured_media_url":"https:\/\/i0.wp.com\/www.escrimepaloise.com\/wordpress\/wp-content\/uploads\/2019\/07\/IMG_2577-e1563575669438.jpg?fit=800%2C600&ssl=1","jetpack_sharing_enabled":true,"jetpack_shortlink":"https:\/\/wp.me\/p8aWQh-3Di","jetpack-related-posts":[{"id":25006,"url":"https:\/\/www.escrimepaloise.com\/wordpress\/2022\/11\/14\/paco-en-huitieme-de-finale-a-alger\/","url_meta":{"origin":13968,"position":0},"title":"Paco en huiti\u00e8me de finale \u00e0 Alger","author":"Alain","date":"14 novembre 2022","format":false,"excerpt":"Coupe du monde s\u00e9niors \u00e0 Alger Tr\u00e8s belle performance du sectionniste Paco Boureau qui signe un beau tableau de 16 (3 eme meilleur r\u00e9sultat\u00a0 francais) en battant notamment le cor\u00e9en Kim num\u00e9ro 4 mondial dans les 64. Beau r\u00e9sultat, prometteur pour la suite de la saison!\ud83d\udc4f\ud83c\udffb\ud83d\udc4f\ud83c\udffb A noter que Paco\u2026","rel":"","context":"Dans &quot;Non class\u00e9&quot;","block_context":{"text":"Non class\u00e9","link":"https:\/\/www.escrimepaloise.com\/wordpress\/category\/non-classe\/"},"img":{"alt_text":"","src":"https:\/\/i0.wp.com\/www.escrimepaloise.com\/wordpress\/wp-content\/uploads\/2022\/11\/IMG_0029-e1668458930314.jpg?fit=800%2C1104&ssl=1&resize=350%2C200","width":350,"height":200,"srcset":"https:\/\/i0.wp.com\/www.escrimepaloise.com\/wordpress\/wp-content\/uploads\/2022\/11\/IMG_0029-e1668458930314.jpg?fit=800%2C1104&ssl=1&resize=350%2C200 1x, https:\/\/i0.wp.com\/www.escrimepaloise.com\/wordpress\/wp-content\/uploads\/2022\/11\/IMG_0029-e1668458930314.jpg?fit=800%2C1104&ssl=1&resize=525%2C300 1.5x, https:\/\/i0.wp.com\/www.escrimepaloise.com\/wordpress\/wp-content\/uploads\/2022\/11\/IMG_0029-e1668458930314.jpg?fit=800%2C1104&ssl=1&resize=700%2C400 2x"},"classes":[]},{"id":13429,"url":"https:\/\/www.escrimepaloise.com\/wordpress\/2018\/11\/17\/eilott-bibi-en-evidence-a-alger\/","url_meta":{"origin":13968,"position":1},"title":"Eilott Bibi en \u00e9vidence \u00e0 Alger","author":"Alain C.","date":"17 novembre 2018","format":false,"excerpt":"En atteignant les 16\u00e8me de finale en coupe du monde s\u00e9niors et en terminant meilleur junior mondial, Eliott Bibi est entrain de frapper aux portes de l'\u00e9quipe de France s\u00e9niors, 2 fran\u00e7ais seulement ayant r\u00e9ussi \u00e0 faire mieux que lui ce week-end. Et de quelle mani\u00e8re, en battant notamment un\u2026","rel":"","context":"Dans &quot;Non class\u00e9&quot;","block_context":{"text":"Non class\u00e9","link":"https:\/\/www.escrimepaloise.com\/wordpress\/category\/non-classe\/"},"img":{"alt_text":"","src":"https:\/\/i0.wp.com\/www.escrimepaloise.com\/wordpress\/wp-content\/uploads\/2018\/11\/IMG_0865-e1542490556507.jpg?fit=800%2C622&ssl=1&resize=350%2C200","width":350,"height":200,"srcset":"https:\/\/i0.wp.com\/www.escrimepaloise.com\/wordpress\/wp-content\/uploads\/2018\/11\/IMG_0865-e1542490556507.jpg?fit=800%2C622&ssl=1&resize=350%2C200 1x, https:\/\/i0.wp.com\/www.escrimepaloise.com\/wordpress\/wp-content\/uploads\/2018\/11\/IMG_0865-e1542490556507.jpg?fit=800%2C622&ssl=1&resize=525%2C300 1.5x, https:\/\/i0.wp.com\/www.escrimepaloise.com\/wordpress\/wp-content\/uploads\/2018\/11\/IMG_0865-e1542490556507.jpg?fit=800%2C622&ssl=1&resize=700%2C400 2x"},"classes":[]},{"id":24700,"url":"https:\/\/www.escrimepaloise.com\/wordpress\/2022\/02\/10\/4-entraineurs-colombiens-en-formation-a-la-section\/","url_meta":{"origin":13968,"position":2},"title":"4 entraineurs colombiens en formation \u00e0 la section","author":"Alain","date":"10 f\u00e9vrier 2022","format":false,"excerpt":"Depuis 1 mois, la section paloise accueille 4 colombiens en formation sabre avec Alain. F\u00e9licitations pour leur certification : Edwin, Cesar, Melissa et Francisco","rel":"","context":"Dans &quot;Non class\u00e9&quot;","block_context":{"text":"Non class\u00e9","link":"https:\/\/www.escrimepaloise.com\/wordpress\/category\/non-classe\/"},"img":{"alt_text":"","src":"https:\/\/i0.wp.com\/www.escrimepaloise.com\/wordpress\/wp-content\/uploads\/2022\/02\/IMG_21551-e1644494435997.jpg?fit=800%2C600&ssl=1&resize=350%2C200","width":350,"height":200,"srcset":"https:\/\/i0.wp.com\/www.escrimepaloise.com\/wordpress\/wp-content\/uploads\/2022\/02\/IMG_21551-e1644494435997.jpg?fit=800%2C600&ssl=1&resize=350%2C200 1x, https:\/\/i0.wp.com\/www.escrimepaloise.com\/wordpress\/wp-content\/uploads\/2022\/02\/IMG_21551-e1644494435997.jpg?fit=800%2C600&ssl=1&resize=525%2C300 1.5x, https:\/\/i0.wp.com\/www.escrimepaloise.com\/wordpress\/wp-content\/uploads\/2022\/02\/IMG_21551-e1644494435997.jpg?fit=800%2C600&ssl=1&resize=700%2C400 2x"},"classes":[]},{"id":24952,"url":"https:\/\/www.escrimepaloise.com\/wordpress\/2022\/10\/10\/hommage-a-francois-moncla\/","url_meta":{"origin":13968,"position":3},"title":"Hommage \u00e0 Fran\u00e7ois MONCLA","author":"Alain","date":"10 octobre 2022","format":false,"excerpt":"A l'occasion du match de Top 14 Racing - Section Paloise, un magnifique hommage a \u00e9t\u00e9 rendu \u00e0 Fran\u00e7ois Moncla, rugbyman au palmar\u00e8s exceptionnel, Champion de France entre autre avec le Racing en 1959 et avec la Section Paloise en 1964. Pierre Coicaud, Pr\u00e9sident fondateur de la section Escrime \u00e9tait\u2026","rel":"","context":"Dans &quot;Non class\u00e9&quot;","block_context":{"text":"Non class\u00e9","link":"https:\/\/www.escrimepaloise.com\/wordpress\/category\/non-classe\/"},"img":{"alt_text":"","src":"https:\/\/i0.wp.com\/www.escrimepaloise.com\/wordpress\/wp-content\/uploads\/2022\/10\/IMG_9874-e1665424681457.jpg?fit=800%2C533&ssl=1&resize=350%2C200","width":350,"height":200,"srcset":"https:\/\/i0.wp.com\/www.escrimepaloise.com\/wordpress\/wp-content\/uploads\/2022\/10\/IMG_9874-e1665424681457.jpg?fit=800%2C533&ssl=1&resize=350%2C200 1x, https:\/\/i0.wp.com\/www.escrimepaloise.com\/wordpress\/wp-content\/uploads\/2022\/10\/IMG_9874-e1665424681457.jpg?fit=800%2C533&ssl=1&resize=525%2C300 1.5x, https:\/\/i0.wp.com\/www.escrimepaloise.com\/wordpress\/wp-content\/uploads\/2022\/10\/IMG_9874-e1665424681457.jpg?fit=800%2C533&ssl=1&resize=700%2C400 2x"},"classes":[]},{"id":12843,"url":"https:\/\/www.escrimepaloise.com\/wordpress\/2017\/10\/23\/eliott-bibi-sarrete-en-huitieme-de-finale\/","url_meta":{"origin":13968,"position":4},"title":"Eliott Bibi s&rsquo;arr\u00eate en huiti\u00e8me de finale","author":"Alain C.","date":"23 octobre 2017","format":false,"excerpt":"Premi\u00e8re coupe du monde s\u00e9lective ce week end en Pologne \u00e0 Sosnowieck et premier bon r\u00e9sultat pour Eliott Bibi qui finit 12\u00e8me dans un contexte des plus relev\u00e9s (150 tireurs et 30 nations). Apr\u00e8s un tour de poule r\u00e9ussi avec 5 victoires et 1 d\u00e9faite sur l'am\u00e9ricain Solomon, Eliott s'est\u2026","rel":"","context":"Dans &quot;Non class\u00e9&quot;","block_context":{"text":"Non class\u00e9","link":"https:\/\/www.escrimepaloise.com\/wordpress\/category\/non-classe\/"},"img":{"alt_text":"","src":"https:\/\/i0.wp.com\/www.escrimepaloise.com\/wordpress\/wp-content\/uploads\/2017\/10\/IMG_1741-e1508746931677.jpg?fit=800%2C800&ssl=1&resize=350%2C200","width":350,"height":200,"srcset":"https:\/\/i0.wp.com\/www.escrimepaloise.com\/wordpress\/wp-content\/uploads\/2017\/10\/IMG_1741-e1508746931677.jpg?fit=800%2C800&ssl=1&resize=350%2C200 1x, https:\/\/i0.wp.com\/www.escrimepaloise.com\/wordpress\/wp-content\/uploads\/2017\/10\/IMG_1741-e1508746931677.jpg?fit=800%2C800&ssl=1&resize=525%2C300 1.5x, https:\/\/i0.wp.com\/www.escrimepaloise.com\/wordpress\/wp-content\/uploads\/2017\/10\/IMG_1741-e1508746931677.jpg?fit=800%2C800&ssl=1&resize=700%2C400 2x"},"classes":[]},{"id":12212,"url":"https:\/\/www.escrimepaloise.com\/wordpress\/2016\/10\/04\/bienvenue-a-mylene\/","url_meta":{"origin":13968,"position":5},"title":"Bienvenue \u00e0 Myl\u00e8ne","author":"Alain C.","date":"4 octobre 2016","format":false,"excerpt":"C'est avec un immense plaisir que nous avons l'honneur d'accueillir Myl\u00e8ne, escrimeuse Handisport qui vient de l'espadon lourdais et qui a d\u00e9cid\u00e9 de repr\u00e9senter nos couleurs dans les comp\u00e9titions nationales. Fleurettiste de formation, Myl\u00e8ne va se sp\u00e9cialiser au sabre. Ses progr\u00e8s sont d\u00e9j\u00e0 immense et sa volont\u00e9 de progresser force\u2026","rel":"","context":"Dans &quot;Non class\u00e9&quot;","block_context":{"text":"Non class\u00e9","link":"https:\/\/www.escrimepaloise.com\/wordpress\/category\/non-classe\/"},"img":{"alt_text":"","src":"https:\/\/i0.wp.com\/www.escrimepaloise.com\/wordpress\/wp-content\/uploads\/2016\/10\/IMG_1544-1-e1475609985642.jpg?fit=800%2C600&ssl=1&resize=350%2C200","width":350,"height":200,"srcset":"https:\/\/i0.wp.com\/www.escrimepaloise.com\/wordpress\/wp-content\/uploads\/2016\/10\/IMG_1544-1-e1475609985642.jpg?fit=800%2C600&ssl=1&resize=350%2C200 1x, https:\/\/i0.wp.com\/www.escrimepaloise.com\/wordpress\/wp-content\/uploads\/2016\/10\/IMG_1544-1-e1475609985642.jpg?fit=800%2C600&ssl=1&resize=525%2C300 1.5x, https:\/\/i0.wp.com\/www.escrimepaloise.com\/wordpress\/wp-content\/uploads\/2016\/10\/IMG_1544-1-e1475609985642.jpg?fit=800%2C600&ssl=1&resize=700%2C400 2x"},"classes":[]}],"_links":{"self":[{"href":"https:\/\/www.escrimepaloise.com\/wordpress\/wp-json\/wp\/v2\/posts\/13968","targetHints":{"allow":["GET"]}}],"collection":[{"href":"https:\/\/www.escrimepaloise.com\/wordpress\/wp-json\/wp\/v2\/posts"}],"about":[{"href":"https:\/\/www.escrimepaloise.com\/wordpress\/wp-json\/wp\/v2\/types\/post"}],"author":[{"embeddable":true,"href":"https:\/\/www.escrimepaloise.com\/wordpress\/wp-json\/wp\/v2\/users\/6"}],"replies":[{"embeddable":true,"href":"https:\/\/www.escrimepaloise.com\/wordpress\/wp-json\/wp\/v2\/comments?post=13968"}],"version-history":[{"count":1,"href":"https:\/\/www.escrimepaloise.com\/wordpress\/wp-json\/wp\/v2\/posts\/13968\/revisions"}],"predecessor-version":[{"id":13972,"href":"https:\/\/www.escrimepaloise.com\/wordpress\/wp-json\/wp\/v2\/posts\/13968\/revisions\/13972"}],"wp:featuredmedia":[{"embeddable":true,"href":"https:\/\/www.escrimepaloise.com\/wordpress\/wp-json\/wp\/v2\/media\/13969"}],"wp:attachment":[{"href":"https:\/\/www.escrimepaloise.com\/wordpress\/wp-json\/wp\/v2\/media?parent=13968"}],"wp:term":[{"taxonomy":"category","embeddable":true,"href":"https:\/\/www.escrimepaloise.com\/wordpress\/wp-json\/wp\/v2\/categories?post=13968"},{"taxonomy":"post_tag","embeddable":true,"href":"https:\/\/www.escrimepaloise.com\/wordpress\/wp-json\/wp\/v2\/tags?post=13968"}],"curies":[{"name":"wp","href":"https:\/\/api.w.org\/{rel}","templated":true}]}}