{"id":14159,"date":"2019-12-02T21:31:09","date_gmt":"2019-12-02T20:31:09","guid":{"rendered":"http:\/\/www.escrimepaloise.com\/wordpress\/?p=14159"},"modified":"2019-12-02T21:47:53","modified_gmt":"2019-12-02T20:47:53","slug":"nos-sabreurs-en-verve-a-eislingen-et-a-seyssins","status":"publish","type":"post","link":"https:\/\/www.escrimepaloise.com\/wordpress\/2019\/12\/02\/nos-sabreurs-en-verve-a-eislingen-et-a-seyssins\/","title":{"rendered":"Nos sabreurs en verve \u00e0 Eislingen et \u00e0 Seyssins"},"content":{"rendered":"<p>Encore un grand week-end pour nos escrimeurs engag\u00e9s en coupe d&rsquo;Europe cadet \u00e0 Eislingen et en circuit national s\u00e9niors \u00e0 Seyssins en banlieue grenobloise. Tout d&rsquo;abord en Allemagne avec 4 engag\u00e9s dans un contexte international tr\u00e8s relev\u00e9 (quelques 200 participants filles et gar\u00e7ons avec les meilleurs nations dont les italiens, japonais, cor\u00e9ens, russes et am\u00e9ricains)., Ugo Latapy et Albin Guyonnaud r\u00e9alisent les deux meilleures performances fran\u00e7aises en prenant les 14\u00e8me et 22\u00e8me place. Fran\u00e7ois Maruelle, le breton s&rsquo;entrainant au Crefed de Pau finit 28\u00e8me et troisi\u00e8me fran\u00e7ais. Chez les femmes, Tamar Gordon, qui est licenci\u00e9e au club depuis septembre finit 13\u00e8me sous la banni\u00e8re isra\u00e9lienne et vient par son r\u00e9sultat de valider son billet pour les championnats d&rsquo;Europe qui auront lieu \u00e0 Porec fin f\u00e9vrier.<br \/>\nA Seyssins, au circuit national s\u00e9niors, nos sabreurs ont \u00e9t\u00e9 aussi particuli\u00e8rement performants gr\u00e2ce \u00e0 Paco Boureau qui monte sur la troisi\u00e8me marche du podium et Samuel Jarry qui perd en quart sur son camarade de club 15\u00e014. Juniors deuxi\u00e8me ann\u00e9e, Samuel et Paco sont les seuls escrimeurs fran\u00e7ais de leur cat\u00e9gorie d&rsquo;\u00e2ge \u00e0 se hisser dans le top 8 de cette comp\u00e9tition ce qui met encore plus de relief \u00e0 leur performance. Nos deux sectionnistes ont \u00e9limin\u00e9s des sabreurs confirm\u00e9s comme notamment Nicolas Rousset num\u00e9ro 5 fran\u00e7ais.<br \/>\nPas le temps de se reposer sur nos lauriers car d\u00e8s le week-end prochain Paco Boureau, Samuel Jarry, Henri Gaudin et Alexandre Andreone .participeront \u00e0 la deuxi\u00e8me coupe du monde s\u00e9lective juniors \u00e0 Sosnowieck en Pologne, Guilhem Jalabert \u00e9tant rempla\u00e7ant.<\/p>\n<p>&nbsp;<\/p>\n<p><a href=\"http:\/\/www.fencingworldwide.com\/ru\/competition\/2222-2019\/results\/\">R\u00e9sultats Eislingen Hommes<\/a><\/p>\n<p><a href=\"http:\/\/www.escrime-info.com\/gregxml\/Greg\/afficher.php?fichier=.\/resultats\/SHS\/CN\/20191201Seyssins indiv.xml&amp;mode=Classement\">R\u00e9sultats Seyssins<\/a><\/p>\n<p><a href=\"http:\/\/www.fencingworldwide.com\/ru\/competition\/2218-2019\/results\/\">R\u00e9sultats Eislingen Femmes<\/a><\/p>\n","protected":false},"excerpt":{"rendered":"<p>Encore un grand week-end pour nos escrimeurs engag\u00e9s en coupe d&rsquo;Europe cadet \u00e0 Eislingen et en circuit national s\u00e9niors \u00e0 Seyssins en banlieue grenobloise. Tout d&rsquo;abord en Allemagne avec 4 engag\u00e9s dans un contexte international tr\u00e8s relev\u00e9 (quelques 200 participants filles et gar\u00e7ons avec les meilleurs nations dont les italiens, japonais, cor\u00e9ens, russes et am\u00e9ricains)., [&hellip;]<\/p>\n","protected":false},"author":6,"featured_media":14160,"comment_status":"closed","ping_status":"closed","sticky":false,"template":"","format":"standard","meta":{"jetpack_post_was_ever_published":false,"_jetpack_newsletter_access":"","_jetpack_dont_email_post_to_subs":false,"_jetpack_newsletter_tier_id":0,"_jetpack_memberships_contains_paywalled_content":false,"_jetpack_memberships_contains_paid_content":false,"footnotes":"","jetpack_publicize_message":"","jetpack_publicize_feature_enabled":true,"jetpack_social_post_already_shared":true,"jetpack_social_options":{"image_generator_settings":{"template":"highway","default_image_id":0,"font":"","enabled":false},"version":2}},"categories":[1],"tags":[],"class_list":["post-14159","post","type-post","status-publish","format-standard","has-post-thumbnail","hentry","category-non-classe"],"jetpack_publicize_connections":[],"jetpack_featured_media_url":"https:\/\/i0.wp.com\/www.escrimepaloise.com\/wordpress\/wp-content\/uploads\/2019\/12\/IMG_3557.jpg?fit=720%2C960&ssl=1","jetpack_sharing_enabled":true,"jetpack_shortlink":"https:\/\/wp.me\/p8aWQh-3Gn","jetpack-related-posts":[{"id":13490,"url":"https:\/\/www.escrimepaloise.com\/wordpress\/2018\/12\/03\/clement-cambeilh-en-bronze\/","url_meta":{"origin":14159,"position":0},"title":"Cl\u00e9ment Cambeilh en bronze","author":"Alain C.","date":"3 d\u00e9cembre 2018","format":false,"excerpt":"Nouveau podium pour les escrimeurs de la section paloise ce week-end gr\u00e2ce \u00e0 Cl\u00e9ment Cambeilh qui finit troisi\u00e8me au tournoi national \"Elite\" s\u00e9niors\u00a0de Seyssins, en banlieue grenobloise. Cette performance de haut niveau a \u00e9t\u00e9 obtenue au milieu d'un parterre de 120 sabreurs venus de tout l'hexagone. Cl\u00e9ment a fait un\u2026","rel":"","context":"Dans &quot;Non class\u00e9&quot;","block_context":{"text":"Non class\u00e9","link":"https:\/\/www.escrimepaloise.com\/wordpress\/category\/non-classe\/"},"img":{"alt_text":"","src":"https:\/\/i0.wp.com\/www.escrimepaloise.com\/wordpress\/wp-content\/uploads\/2018\/12\/IMG_0948.png?fit=608%2C811&ssl=1&resize=350%2C200","width":350,"height":200,"srcset":"https:\/\/i0.wp.com\/www.escrimepaloise.com\/wordpress\/wp-content\/uploads\/2018\/12\/IMG_0948.png?fit=608%2C811&ssl=1&resize=350%2C200 1x, https:\/\/i0.wp.com\/www.escrimepaloise.com\/wordpress\/wp-content\/uploads\/2018\/12\/IMG_0948.png?fit=608%2C811&ssl=1&resize=525%2C300 1.5x"},"classes":[]},{"id":12896,"url":"https:\/\/www.escrimepaloise.com\/wordpress\/2017\/12\/05\/coupe-du-monde-cadet-au-sabre-5-palois-dans-le-grand-bain\/","url_meta":{"origin":14159,"position":1},"title":"Coupe du monde cadet au sabre &#8211; 5 palois dans le grand bain","author":"Alain C.","date":"5 d\u00e9cembre 2017","format":false,"excerpt":"\u00a0 C'est dans la banlieue de Stuttgart a Eislingen que s'\u00e9tait donn\u00e9 rendez vous la fine fleur de l'escrime mondiale \u00e0 l'occasion de cette coupe du monde cadet au sabre. Pas moins de 26 pays et 233 tireurs\u00a0 \u00e9taient pr\u00e9sents avec notamment de grosses d\u00e9l\u00e9gations russes, am\u00e9ricaines et italiennes, 3\u2026","rel":"","context":"Dans &quot;Non class\u00e9&quot;","block_context":{"text":"Non class\u00e9","link":"https:\/\/www.escrimepaloise.com\/wordpress\/category\/non-classe\/"},"img":{"alt_text":"","src":"https:\/\/i0.wp.com\/www.escrimepaloise.com\/wordpress\/wp-content\/uploads\/2017\/12\/thumbnail-e1512491675748.jpeg?fit=800%2C600&ssl=1&resize=350%2C200","width":350,"height":200,"srcset":"https:\/\/i0.wp.com\/www.escrimepaloise.com\/wordpress\/wp-content\/uploads\/2017\/12\/thumbnail-e1512491675748.jpeg?fit=800%2C600&ssl=1&resize=350%2C200 1x, https:\/\/i0.wp.com\/www.escrimepaloise.com\/wordpress\/wp-content\/uploads\/2017\/12\/thumbnail-e1512491675748.jpeg?fit=800%2C600&ssl=1&resize=525%2C300 1.5x, https:\/\/i0.wp.com\/www.escrimepaloise.com\/wordpress\/wp-content\/uploads\/2017\/12\/thumbnail-e1512491675748.jpeg?fit=800%2C600&ssl=1&resize=700%2C400 2x"},"classes":[]},{"id":12337,"url":"https:\/\/www.escrimepaloise.com\/wordpress\/2016\/11\/28\/la-section-toujours-competitive\/","url_meta":{"origin":14159,"position":2},"title":"La section toujours comp\u00e9titive","author":"Alain C.","date":"28 novembre 2016","format":false,"excerpt":"Ce week end avait lieu \u00e0 seyssins en banlieue grenobloise le quart de finale du championnat de France par equipe premi\u00e8re division, regroupant les 8 meilleures formations nationales. Apr\u00e8s les retraites sportives de Julien Medard et Fernando Casares, la section paloise a r\u00e9ussi \u00e0 tenir la drag\u00e9e haute \u00e0 toutes\u2026","rel":"","context":"Dans &quot;Non class\u00e9&quot;","block_context":{"text":"Non class\u00e9","link":"https:\/\/www.escrimepaloise.com\/wordpress\/category\/non-classe\/"},"img":{"alt_text":"","src":"https:\/\/i0.wp.com\/www.escrimepaloise.com\/wordpress\/wp-content\/uploads\/2016\/11\/IMG_3935-e1480316056263.jpg?fit=800%2C600&ssl=1&resize=350%2C200","width":350,"height":200,"srcset":"https:\/\/i0.wp.com\/www.escrimepaloise.com\/wordpress\/wp-content\/uploads\/2016\/11\/IMG_3935-e1480316056263.jpg?fit=800%2C600&ssl=1&resize=350%2C200 1x, https:\/\/i0.wp.com\/www.escrimepaloise.com\/wordpress\/wp-content\/uploads\/2016\/11\/IMG_3935-e1480316056263.jpg?fit=800%2C600&ssl=1&resize=525%2C300 1.5x, https:\/\/i0.wp.com\/www.escrimepaloise.com\/wordpress\/wp-content\/uploads\/2016\/11\/IMG_3935-e1480316056263.jpg?fit=800%2C600&ssl=1&resize=700%2C400 2x"},"classes":[]},{"id":24562,"url":"https:\/\/www.escrimepaloise.com\/wordpress\/2021\/10\/14\/les-sabreurs-palois-en-nombre-sur-le-podium\/","url_meta":{"origin":14159,"position":3},"title":"Les sabreurs palois en nombre sur le podium.","author":"Alain","date":"14 octobre 2021","format":false,"excerpt":"http:\/\/resultatsCe week-end avait lieu \u00e0 Gisors\u00a0 le premier circuit national juniors de la saison s\u00e9lectif pour la premi\u00e8re coupe du monde juniors qui aura lieu \u00e0 Sotchi d\u00e9but novembre. 4 sectionnistes se classent dans les 8 premiers, avec les deuxi\u00e8mes et troisi\u00e8mes places de Lucas Guilley et Pierre Blasco, Albin\u2026","rel":"","context":"Dans &quot;Non class\u00e9&quot;","block_context":{"text":"Non class\u00e9","link":"https:\/\/www.escrimepaloise.com\/wordpress\/category\/non-classe\/"},"img":{"alt_text":"","src":"https:\/\/i0.wp.com\/www.escrimepaloise.com\/wordpress\/wp-content\/uploads\/2021\/10\/IMG_7849-e1634235428387.jpg?fit=800%2C668&ssl=1&resize=350%2C200","width":350,"height":200,"srcset":"https:\/\/i0.wp.com\/www.escrimepaloise.com\/wordpress\/wp-content\/uploads\/2021\/10\/IMG_7849-e1634235428387.jpg?fit=800%2C668&ssl=1&resize=350%2C200 1x, https:\/\/i0.wp.com\/www.escrimepaloise.com\/wordpress\/wp-content\/uploads\/2021\/10\/IMG_7849-e1634235428387.jpg?fit=800%2C668&ssl=1&resize=525%2C300 1.5x, https:\/\/i0.wp.com\/www.escrimepaloise.com\/wordpress\/wp-content\/uploads\/2021\/10\/IMG_7849-e1634235428387.jpg?fit=800%2C668&ssl=1&resize=700%2C400 2x"},"classes":[]},{"id":14264,"url":"https:\/\/www.escrimepaloise.com\/wordpress\/2020\/02\/28\/pour-francois-le-meilleur-resultat\/","url_meta":{"origin":14159,"position":4},"title":"Pour Fran\u00e7ois le meilleur r\u00e9sultat","author":"Alain C.","date":"28 f\u00e9vrier 2020","format":false,"excerpt":"Les jours se suivent et malheureusement ne se ressemblent pas pour les palois pr\u00e9sents aux championnats d\u2019Europe d\u2019escrime \u00e0 Porec en Croatie. Apr\u00e8s le m\u00e9daille de bronze obtenue par Tamar Gordon dans l\u2019\u00e9preuve f\u00e9minine on attendait beaucoup de nos 4 mousquetaires. Le meilleur r\u00e9sultat est \u00e0 mettre \u00e0 l\u2019actif de\u2026","rel":"","context":"Dans &quot;Non class\u00e9&quot;","block_context":{"text":"Non class\u00e9","link":"https:\/\/www.escrimepaloise.com\/wordpress\/category\/non-classe\/"},"img":{"alt_text":"","src":"","width":0,"height":0},"classes":[]},{"id":13574,"url":"https:\/\/www.escrimepaloise.com\/wordpress\/2019\/01\/14\/eurosabre-de-meylan-isere\/","url_meta":{"origin":14159,"position":5},"title":"Eurosabre de Meylan (Is\u00e8re)","author":"Alain C.","date":"14 janvier 2019","format":false,"excerpt":"Ce week-end nos M17 se d\u00e9pla\u00e7aient dans la banlieue grenobloise \u00e0 l'occasion d'une \u00e9preuve de coupe d'Europe. Plateau de qualit\u00e9 pour cette \u00e9dition 2019 avec 126 gar\u00e7ons et 108 filles repr\u00e9sentant 19 nations. Le meilleur r\u00e9sultat est \u00e0 mettre au cr\u00e9dit d'Albin qui termine 9e et premier minime. Henri prend\u2026","rel":"","context":"Dans &quot;Non class\u00e9&quot;","block_context":{"text":"Non class\u00e9","link":"https:\/\/www.escrimepaloise.com\/wordpress\/category\/non-classe\/"},"img":{"alt_text":"","src":"https:\/\/i0.wp.com\/www.escrimepaloise.com\/wordpress\/wp-content\/uploads\/2019\/01\/IMG_1237-e1547468355734.jpg?fit=600%2C800&ssl=1&resize=350%2C200","width":350,"height":200,"srcset":"https:\/\/i0.wp.com\/www.escrimepaloise.com\/wordpress\/wp-content\/uploads\/2019\/01\/IMG_1237-e1547468355734.jpg?fit=600%2C800&ssl=1&resize=350%2C200 1x, https:\/\/i0.wp.com\/www.escrimepaloise.com\/wordpress\/wp-content\/uploads\/2019\/01\/IMG_1237-e1547468355734.jpg?fit=600%2C800&ssl=1&resize=525%2C300 1.5x"},"classes":[]}],"_links":{"self":[{"href":"https:\/\/www.escrimepaloise.com\/wordpress\/wp-json\/wp\/v2\/posts\/14159","targetHints":{"allow":["GET"]}}],"collection":[{"href":"https:\/\/www.escrimepaloise.com\/wordpress\/wp-json\/wp\/v2\/posts"}],"about":[{"href":"https:\/\/www.escrimepaloise.com\/wordpress\/wp-json\/wp\/v2\/types\/post"}],"author":[{"embeddable":true,"href":"https:\/\/www.escrimepaloise.com\/wordpress\/wp-json\/wp\/v2\/users\/6"}],"replies":[{"embeddable":true,"href":"https:\/\/www.escrimepaloise.com\/wordpress\/wp-json\/wp\/v2\/comments?post=14159"}],"version-history":[{"count":3,"href":"https:\/\/www.escrimepaloise.com\/wordpress\/wp-json\/wp\/v2\/posts\/14159\/revisions"}],"predecessor-version":[{"id":14165,"href":"https:\/\/www.escrimepaloise.com\/wordpress\/wp-json\/wp\/v2\/posts\/14159\/revisions\/14165"}],"wp:featuredmedia":[{"embeddable":true,"href":"https:\/\/www.escrimepaloise.com\/wordpress\/wp-json\/wp\/v2\/media\/14160"}],"wp:attachment":[{"href":"https:\/\/www.escrimepaloise.com\/wordpress\/wp-json\/wp\/v2\/media?parent=14159"}],"wp:term":[{"taxonomy":"category","embeddable":true,"href":"https:\/\/www.escrimepaloise.com\/wordpress\/wp-json\/wp\/v2\/categories?post=14159"},{"taxonomy":"post_tag","embeddable":true,"href":"https:\/\/www.escrimepaloise.com\/wordpress\/wp-json\/wp\/v2\/tags?post=14159"}],"curies":[{"name":"wp","href":"https:\/\/api.w.org\/{rel}","templated":true}]}}