{"id":18806,"date":"2020-09-30T19:21:09","date_gmt":"2020-09-30T17:21:09","guid":{"rendered":"http:\/\/www.escrimepaloise.com\/wordpress\/?p=18806"},"modified":"2020-09-30T19:21:09","modified_gmt":"2020-09-30T17:21:09","slug":"la-section-se-met-a-la-boxe","status":"publish","type":"post","link":"https:\/\/www.escrimepaloise.com\/wordpress\/2020\/09\/30\/la-section-se-met-a-la-boxe\/","title":{"rendered":"La section se met \u00e0 la boxe"},"content":{"rendered":"<p>Ce mercredi, nos escrimeurs ont eu droit \u00e0 un entrainement de boxe, donn\u00e9 par Fabrice Thomas, p\u00e8re de Bjorn et entraineur de ce noble art. Coup droit, upercut, crochet du droit, tous les coups ont \u00e9t\u00e9 pass\u00e9s en revue avec au final une s\u00e9ance de gainage appr\u00e9ci\u00e9e de tous&#8230;&#8230;&#8230;<\/p>\n","protected":false},"excerpt":{"rendered":"<p>Ce mercredi, nos escrimeurs ont eu droit \u00e0 un entrainement de boxe, donn\u00e9 par Fabrice Thomas, p\u00e8re de Bjorn et entraineur de ce noble art. Coup droit, upercut, crochet du droit, tous les coups ont \u00e9t\u00e9 pass\u00e9s en revue avec au final une s\u00e9ance de gainage appr\u00e9ci\u00e9e de tous&#8230;&#8230;&#8230;<\/p>\n","protected":false},"author":6,"featured_media":18804,"comment_status":"closed","ping_status":"closed","sticky":false,"template":"","format":"standard","meta":{"jetpack_post_was_ever_published":false,"_jetpack_newsletter_access":"","_jetpack_dont_email_post_to_subs":false,"_jetpack_newsletter_tier_id":0,"_jetpack_memberships_contains_paywalled_content":false,"_jetpack_memberships_contains_paid_content":false,"footnotes":"","jetpack_publicize_message":"","jetpack_publicize_feature_enabled":true,"jetpack_social_post_already_shared":true,"jetpack_social_options":{"image_generator_settings":{"template":"highway","default_image_id":0,"font":"","enabled":false},"version":2}},"categories":[1],"tags":[],"class_list":["post-18806","post","type-post","status-publish","format-standard","has-post-thumbnail","hentry","category-non-classe"],"jetpack_publicize_connections":[],"jetpack_featured_media_url":"https:\/\/i0.wp.com\/www.escrimepaloise.com\/wordpress\/wp-content\/uploads\/2020\/09\/IMG_63401-e1601485515370.jpg?fit=800%2C600&ssl=1","jetpack_sharing_enabled":true,"jetpack_shortlink":"https:\/\/wp.me\/p8aWQh-4Tk","jetpack-related-posts":[{"id":13287,"url":"https:\/\/www.escrimepaloise.com\/wordpress\/2018\/09\/17\/la-section-presente-a-vitalsport\/","url_meta":{"origin":18806,"position":0},"title":"La Section pr\u00e9sente \u00e0 VITALSPORT","author":"Alain C.","date":"17 septembre 2018","format":false,"excerpt":"Ce samedi, D\u00e9cathlon organisait comme tous les ans le Vitalsport, manifestation r\u00e9unissant de nombreux sports dont l'escrime. Ugo, Pierre et Laurent\u00a0ont particip\u00e9 \u00e0 cette journ\u00e9e d'initiation et ont propos\u00e9 en fin d'apr\u00e8s-midi une d\u00e9monstration appr\u00e9ci\u00e9e de tous.\u00a0De quoi susciter peut-\u00eatre quelques vocations.","rel":"","context":"Dans &quot;Non class\u00e9&quot;","block_context":{"text":"Non class\u00e9","link":"https:\/\/www.escrimepaloise.com\/wordpress\/category\/non-classe\/"},"img":{"alt_text":"","src":"https:\/\/i0.wp.com\/www.escrimepaloise.com\/wordpress\/wp-content\/uploads\/2018\/09\/IMG_0636.jpg?fit=480%2C360&ssl=1&resize=350%2C200","width":350,"height":200},"classes":[]},{"id":24616,"url":"https:\/\/www.escrimepaloise.com\/wordpress\/2021\/12\/23\/bonnes-fetes\/","url_meta":{"origin":18806,"position":1},"title":"Bonnes f\u00eates","author":"Alain","date":"23 d\u00e9cembre 2021","format":false,"excerpt":"En ce dernier mercredi d'escrime, la traditionnelle poule de no\u00ebl \u00e9tait organis\u00e9e dans nos locaux et tous les enfants ont \u00e9t\u00e9 r\u00e9compens\u00e9s. Bonnes f\u00eates \u00e0 tous.","rel":"","context":"Dans &quot;Non class\u00e9&quot;","block_context":{"text":"Non class\u00e9","link":"https:\/\/www.escrimepaloise.com\/wordpress\/category\/non-classe\/"},"img":{"alt_text":"","src":"https:\/\/i0.wp.com\/www.escrimepaloise.com\/wordpress\/wp-content\/uploads\/2021\/12\/IMG_1019-1-e1640257975796.jpg?fit=800%2C600&ssl=1&resize=350%2C200","width":350,"height":200,"srcset":"https:\/\/i0.wp.com\/www.escrimepaloise.com\/wordpress\/wp-content\/uploads\/2021\/12\/IMG_1019-1-e1640257975796.jpg?fit=800%2C600&ssl=1&resize=350%2C200 1x, https:\/\/i0.wp.com\/www.escrimepaloise.com\/wordpress\/wp-content\/uploads\/2021\/12\/IMG_1019-1-e1640257975796.jpg?fit=800%2C600&ssl=1&resize=525%2C300 1.5x, https:\/\/i0.wp.com\/www.escrimepaloise.com\/wordpress\/wp-content\/uploads\/2021\/12\/IMG_1019-1-e1640257975796.jpg?fit=800%2C600&ssl=1&resize=700%2C400 2x"},"classes":[]},{"id":24558,"url":"https:\/\/www.escrimepaloise.com\/wordpress\/2021\/09\/28\/les-jeunes-de-san-sebastien-en-visite-a-la-section\/","url_meta":{"origin":18806,"position":2},"title":"Les jeunes de San S\u00e9bastien en visite \u00e0 la section","author":"Alain","date":"28 septembre 2021","format":false,"excerpt":"Ce mardi soir, les jeunes sabreurs de San S\u00e9bastien nous ont rendu visite pour un entrainement commun. 4 filles et 3 gar\u00e7ons tous minimes\u00a0 ont crois\u00e9 le fer avec nos meilleurs escrimeurs, dans une ambiance studieuse et conviviale.","rel":"","context":"Dans &quot;Non class\u00e9&quot;","block_context":{"text":"Non class\u00e9","link":"https:\/\/www.escrimepaloise.com\/wordpress\/category\/non-classe\/"},"img":{"alt_text":"","src":"https:\/\/i0.wp.com\/www.escrimepaloise.com\/wordpress\/wp-content\/uploads\/2021\/09\/IMG_7683-2-e1632859992945.jpg?fit=800%2C600&ssl=1&resize=350%2C200","width":350,"height":200,"srcset":"https:\/\/i0.wp.com\/www.escrimepaloise.com\/wordpress\/wp-content\/uploads\/2021\/09\/IMG_7683-2-e1632859992945.jpg?fit=800%2C600&ssl=1&resize=350%2C200 1x, https:\/\/i0.wp.com\/www.escrimepaloise.com\/wordpress\/wp-content\/uploads\/2021\/09\/IMG_7683-2-e1632859992945.jpg?fit=800%2C600&ssl=1&resize=525%2C300 1.5x, https:\/\/i0.wp.com\/www.escrimepaloise.com\/wordpress\/wp-content\/uploads\/2021\/09\/IMG_7683-2-e1632859992945.jpg?fit=800%2C600&ssl=1&resize=700%2C400 2x"},"classes":[]},{"id":12680,"url":"https:\/\/www.escrimepaloise.com\/wordpress\/2017\/05\/22\/tous-bronzes-a-dunkerque\/","url_meta":{"origin":18806,"position":3},"title":"Tous bronz\u00e9s \u00e0 Dunkerque","author":"Alain C.","date":"22 mai 2017","format":false,"excerpt":"Championnats de France sabre En pla\u00e7ant leurs 2 \u00e9quipes sur la troisi\u00e8me place du podium, les prot\u00e9g\u00e9s des ma\u00eetres Vicenty Et Coicaud ont r\u00e9alis\u00e9 une sacr\u00e9 performance \u00e0 l'occasion des championnats de France qui avaient lieu \u00e0 Dunkerque dans les Hauts de France. F\u00e9licitations \u00e0 l'\u00e9quipe 1 compos\u00e9e de Duncan\u2026","rel":"","context":"Dans &quot;Non class\u00e9&quot;","block_context":{"text":"Non class\u00e9","link":"https:\/\/www.escrimepaloise.com\/wordpress\/category\/non-classe\/"},"img":{"alt_text":"","src":"https:\/\/i0.wp.com\/www.escrimepaloise.com\/wordpress\/wp-content\/uploads\/2017\/05\/france-cadet-e1495452550834.jpeg?fit=800%2C600&ssl=1&resize=350%2C200","width":350,"height":200,"srcset":"https:\/\/i0.wp.com\/www.escrimepaloise.com\/wordpress\/wp-content\/uploads\/2017\/05\/france-cadet-e1495452550834.jpeg?fit=800%2C600&ssl=1&resize=350%2C200 1x, https:\/\/i0.wp.com\/www.escrimepaloise.com\/wordpress\/wp-content\/uploads\/2017\/05\/france-cadet-e1495452550834.jpeg?fit=800%2C600&ssl=1&resize=525%2C300 1.5x, https:\/\/i0.wp.com\/www.escrimepaloise.com\/wordpress\/wp-content\/uploads\/2017\/05\/france-cadet-e1495452550834.jpeg?fit=800%2C600&ssl=1&resize=700%2C400 2x"},"classes":[]},{"id":24658,"url":"https:\/\/www.escrimepaloise.com\/wordpress\/2022\/02\/01\/tournoi-transfrontalier-de-la-ville-de-pau-2\/","url_meta":{"origin":18806,"position":4},"title":"Tournoi Transfrontalier de la Ville de Pau","author":"Alain","date":"1 f\u00e9vrier 2022","format":false,"excerpt":"Ce samedi pas moins de 14 cat\u00e9gories ont pu croiser le fer sur les 3 niveaux du gymnase du H\u00e9das pour un total de 180 tireurs dont 60 tireurs espagnols, de Saint S\u00e9bastien, Bilbao, Huesca et Manresa. Nos jeunes et moins jeunes ont brill\u00e9 et ont surtout pris beaucoup de\u2026","rel":"","context":"Dans &quot;Non class\u00e9&quot;","block_context":{"text":"Non class\u00e9","link":"https:\/\/www.escrimepaloise.com\/wordpress\/category\/non-classe\/"},"img":{"alt_text":"","src":"https:\/\/i0.wp.com\/www.escrimepaloise.com\/wordpress\/wp-content\/uploads\/2022\/02\/IMG_8362-e1643751167392.jpg?fit=800%2C600&ssl=1&resize=350%2C200","width":350,"height":200,"srcset":"https:\/\/i0.wp.com\/www.escrimepaloise.com\/wordpress\/wp-content\/uploads\/2022\/02\/IMG_8362-e1643751167392.jpg?fit=800%2C600&ssl=1&resize=350%2C200 1x, https:\/\/i0.wp.com\/www.escrimepaloise.com\/wordpress\/wp-content\/uploads\/2022\/02\/IMG_8362-e1643751167392.jpg?fit=800%2C600&ssl=1&resize=525%2C300 1.5x, https:\/\/i0.wp.com\/www.escrimepaloise.com\/wordpress\/wp-content\/uploads\/2022\/02\/IMG_8362-e1643751167392.jpg?fit=800%2C600&ssl=1&resize=700%2C400 2x"},"classes":[]},{"id":13224,"url":"https:\/\/www.escrimepaloise.com\/wordpress\/2018\/06\/22\/sam-et-paco-en-demo-chez-les-scolaires\/","url_meta":{"origin":18806,"position":5},"title":"Sam et Paco en d\u00e9mo chez les scolaires","author":"Alain C.","date":"22 juin 2018","format":false,"excerpt":"Comme tous les ans, les \u00e9l\u00e8ves de cycles 3 des \u00e9coles volontaires de Pau est et Pau centre ont b\u00e9n\u00e9fici\u00e9 d'un cycle d\u2019apprentissage en escrime\u00a0pendant le temps scolaire. Cette initiation est possible gr\u00e2ce \u00e0 l\u2019accord de l\u2019Inspection d\u2019Acad\u00e9mique, la Direction des Sports de\u00a0\u00a0la ville de Pau qui met \u00e0 disposition\u00a0l'\u00e9ducateur,\u2026","rel":"","context":"Dans &quot;Non class\u00e9&quot;","block_context":{"text":"Non class\u00e9","link":"https:\/\/www.escrimepaloise.com\/wordpress\/category\/non-classe\/"},"img":{"alt_text":"","src":"https:\/\/i0.wp.com\/www.escrimepaloise.com\/wordpress\/wp-content\/uploads\/2018\/06\/thumbnail-e1529678346992.jpg?fit=800%2C571&ssl=1&resize=350%2C200","width":350,"height":200,"srcset":"https:\/\/i0.wp.com\/www.escrimepaloise.com\/wordpress\/wp-content\/uploads\/2018\/06\/thumbnail-e1529678346992.jpg?fit=800%2C571&ssl=1&resize=350%2C200 1x, https:\/\/i0.wp.com\/www.escrimepaloise.com\/wordpress\/wp-content\/uploads\/2018\/06\/thumbnail-e1529678346992.jpg?fit=800%2C571&ssl=1&resize=525%2C300 1.5x, https:\/\/i0.wp.com\/www.escrimepaloise.com\/wordpress\/wp-content\/uploads\/2018\/06\/thumbnail-e1529678346992.jpg?fit=800%2C571&ssl=1&resize=700%2C400 2x"},"classes":[]}],"_links":{"self":[{"href":"https:\/\/www.escrimepaloise.com\/wordpress\/wp-json\/wp\/v2\/posts\/18806","targetHints":{"allow":["GET"]}}],"collection":[{"href":"https:\/\/www.escrimepaloise.com\/wordpress\/wp-json\/wp\/v2\/posts"}],"about":[{"href":"https:\/\/www.escrimepaloise.com\/wordpress\/wp-json\/wp\/v2\/types\/post"}],"author":[{"embeddable":true,"href":"https:\/\/www.escrimepaloise.com\/wordpress\/wp-json\/wp\/v2\/users\/6"}],"replies":[{"embeddable":true,"href":"https:\/\/www.escrimepaloise.com\/wordpress\/wp-json\/wp\/v2\/comments?post=18806"}],"version-history":[{"count":1,"href":"https:\/\/www.escrimepaloise.com\/wordpress\/wp-json\/wp\/v2\/posts\/18806\/revisions"}],"predecessor-version":[{"id":18807,"href":"https:\/\/www.escrimepaloise.com\/wordpress\/wp-json\/wp\/v2\/posts\/18806\/revisions\/18807"}],"wp:featuredmedia":[{"embeddable":true,"href":"https:\/\/www.escrimepaloise.com\/wordpress\/wp-json\/wp\/v2\/media\/18804"}],"wp:attachment":[{"href":"https:\/\/www.escrimepaloise.com\/wordpress\/wp-json\/wp\/v2\/media?parent=18806"}],"wp:term":[{"taxonomy":"category","embeddable":true,"href":"https:\/\/www.escrimepaloise.com\/wordpress\/wp-json\/wp\/v2\/categories?post=18806"},{"taxonomy":"post_tag","embeddable":true,"href":"https:\/\/www.escrimepaloise.com\/wordpress\/wp-json\/wp\/v2\/tags?post=18806"}],"curies":[{"name":"wp","href":"https:\/\/api.w.org\/{rel}","templated":true}]}}