{"id":20250,"date":"2020-10-07T18:04:25","date_gmt":"2020-10-07T16:04:25","guid":{"rendered":"http:\/\/www.escrimepaloise.com\/wordpress\/?p=20250"},"modified":"2020-10-07T18:04:25","modified_gmt":"2020-10-07T16:04:25","slug":"le-crefed-selargit","status":"publish","type":"post","link":"https:\/\/www.escrimepaloise.com\/wordpress\/2020\/10\/07\/le-crefed-selargit\/","title":{"rendered":"Le CREFED s&rsquo;\u00e9largit"},"content":{"rendered":"<p>Pour cette nouvelle ann\u00e9e, le CREFED accueille deux nouveaux tireurs.<\/p>\n<p>Marc-Olivier D&rsquo;Audibert Caille Du Bourguet, nous venant D&rsquo;Antibes, licenci\u00e9 cette ann\u00e9e \u00e0 la Section\u00a0 Paloise, et Lucas Geilley, de Charleville-Mezi\u00e8res.<\/p>\n<p>Bienvenue aux nouveaux !<\/p>\n<p>&nbsp;<\/p>\n","protected":false},"excerpt":{"rendered":"<p>Pour cette nouvelle ann\u00e9e, le CREFED accueille deux nouveaux tireurs. Marc-Olivier D&rsquo;Audibert Caille Du Bourguet, nous venant D&rsquo;Antibes, licenci\u00e9 cette ann\u00e9e \u00e0 la Section\u00a0 Paloise, et Lucas Geilley, de Charleville-Mezi\u00e8res. Bienvenue aux nouveaux ! &nbsp;<\/p>\n","protected":false},"author":6,"featured_media":20231,"comment_status":"closed","ping_status":"closed","sticky":false,"template":"","format":"standard","meta":{"jetpack_post_was_ever_published":false,"_jetpack_newsletter_access":"","_jetpack_dont_email_post_to_subs":false,"_jetpack_newsletter_tier_id":0,"_jetpack_memberships_contains_paywalled_content":false,"_jetpack_memberships_contains_paid_content":false,"footnotes":"","jetpack_publicize_message":"","jetpack_publicize_feature_enabled":true,"jetpack_social_post_already_shared":true,"jetpack_social_options":{"image_generator_settings":{"template":"highway","default_image_id":0,"font":"","enabled":false},"version":2}},"categories":[1],"tags":[],"class_list":["post-20250","post","type-post","status-publish","format-standard","has-post-thumbnail","hentry","category-non-classe"],"jetpack_publicize_connections":[],"jetpack_featured_media_url":"https:\/\/i0.wp.com\/www.escrimepaloise.com\/wordpress\/wp-content\/uploads\/2020\/10\/IMG_20200930_192718-scaled-e1602085663774.jpg?fit=800%2C1067&ssl=1","jetpack_sharing_enabled":true,"jetpack_shortlink":"https:\/\/wp.me\/p8aWQh-5gC","jetpack-related-posts":[{"id":13870,"url":"https:\/\/www.escrimepaloise.com\/wordpress\/2019\/04\/26\/les-crefed-de-meylan-et-gemenos-en-stage-a-pau\/","url_meta":{"origin":20250,"position":0},"title":"Les CREFED de Meylan et G\u00e9menos en stage \u00e0 Pau","author":"Alain C.","date":"26 avril 2019","format":false,"excerpt":"Durant ces vacances, nous avons eu l'immense honneur de recevoir en stage le Crefed de G\u00e9menos avec un de ses entra\u00eeneurs J\u00e9r\u00e9my Liebgott. En stage \u00e0 San S\u00e9bastien, le Crefed de meylan est venu le temps d'une soir\u00e9e participer \u00e0 un entra\u00eenement commun qui a r\u00e9unit presque 40 tireurs. Le\u2026","rel":"","context":"Dans &quot;Non class\u00e9&quot;","block_context":{"text":"Non class\u00e9","link":"https:\/\/www.escrimepaloise.com\/wordpress\/category\/non-classe\/"},"img":{"alt_text":"","src":"https:\/\/i0.wp.com\/www.escrimepaloise.com\/wordpress\/wp-content\/uploads\/2019\/04\/065b0cc4-6190-40ee-87c0-56fad95ae534-1-e1556307354977.jpg?fit=800%2C600&ssl=1&resize=350%2C200","width":350,"height":200,"srcset":"https:\/\/i0.wp.com\/www.escrimepaloise.com\/wordpress\/wp-content\/uploads\/2019\/04\/065b0cc4-6190-40ee-87c0-56fad95ae534-1-e1556307354977.jpg?fit=800%2C600&ssl=1&resize=350%2C200 1x, https:\/\/i0.wp.com\/www.escrimepaloise.com\/wordpress\/wp-content\/uploads\/2019\/04\/065b0cc4-6190-40ee-87c0-56fad95ae534-1-e1556307354977.jpg?fit=800%2C600&ssl=1&resize=525%2C300 1.5x, https:\/\/i0.wp.com\/www.escrimepaloise.com\/wordpress\/wp-content\/uploads\/2019\/04\/065b0cc4-6190-40ee-87c0-56fad95ae534-1-e1556307354977.jpg?fit=800%2C600&ssl=1&resize=700%2C400 2x"},"classes":[]},{"id":24544,"url":"https:\/\/www.escrimepaloise.com\/wordpress\/2021\/09\/13\/tom-couderc-rejoint-le-crefed-de-pau\/","url_meta":{"origin":20250,"position":1},"title":"Tom Couderc rejoint le Crefed de Pau","author":"Alain","date":"13 septembre 2021","format":false,"excerpt":"Depuis septembre, la Section Paloise compte dans ses rangs un nouvel escrimeur de renom puisque Tom Couderc n'est autre que le fils de Laurent Couderc plusieurs fois international et vainqueur de 2 coupes du monde s\u00e9niors. Tom est champion de France M15 en titre et souhaitons lui bonne chance pour\u2026","rel":"","context":"Dans &quot;Non class\u00e9&quot;","block_context":{"text":"Non class\u00e9","link":"https:\/\/www.escrimepaloise.com\/wordpress\/category\/non-classe\/"},"img":{"alt_text":"","src":"https:\/\/i0.wp.com\/www.escrimepaloise.com\/wordpress\/wp-content\/uploads\/2021\/09\/IMG_7567-rotated-e1631560229149.jpg?fit=800%2C1067&ssl=1&resize=350%2C200","width":350,"height":200,"srcset":"https:\/\/i0.wp.com\/www.escrimepaloise.com\/wordpress\/wp-content\/uploads\/2021\/09\/IMG_7567-rotated-e1631560229149.jpg?fit=800%2C1067&ssl=1&resize=350%2C200 1x, https:\/\/i0.wp.com\/www.escrimepaloise.com\/wordpress\/wp-content\/uploads\/2021\/09\/IMG_7567-rotated-e1631560229149.jpg?fit=800%2C1067&ssl=1&resize=525%2C300 1.5x, https:\/\/i0.wp.com\/www.escrimepaloise.com\/wordpress\/wp-content\/uploads\/2021\/09\/IMG_7567-rotated-e1631560229149.jpg?fit=800%2C1067&ssl=1&resize=700%2C400 2x"},"classes":[]},{"id":24572,"url":"https:\/\/www.escrimepaloise.com\/wordpress\/2021\/11\/08\/paco-boureau-sur-le-podium\/","url_meta":{"origin":20250,"position":2},"title":"Paco Boureau sur le podium","author":"Alain","date":"8 novembre 2021","format":false,"excerpt":"circuit national seniors \u00ab \u00c9lite \u00bb de Strasbourg Ce week-end avait lieu \u00e0 Strasbourg le deuxi\u00e8me circuit national s\u00e9niors qualificatif pour la coupe du monde \"Grand Prix\" d'Orl\u00e9ans. Dans un contexte des plus relev\u00e9s, nos palois ont \u00e9t\u00e9 dans l'ensemble tr\u00e8s comp\u00e9titifs avec en point d'orgue la troisi\u00e8me\u00a0 place de\u2026","rel":"","context":"Dans &quot;Non class\u00e9&quot;","block_context":{"text":"Non class\u00e9","link":"https:\/\/www.escrimepaloise.com\/wordpress\/category\/non-classe\/"},"img":{"alt_text":"","src":"https:\/\/i0.wp.com\/www.escrimepaloise.com\/wordpress\/wp-content\/uploads\/2021\/11\/IMG_8018-e1636402727155.jpg?fit=800%2C681&ssl=1&resize=350%2C200","width":350,"height":200,"srcset":"https:\/\/i0.wp.com\/www.escrimepaloise.com\/wordpress\/wp-content\/uploads\/2021\/11\/IMG_8018-e1636402727155.jpg?fit=800%2C681&ssl=1&resize=350%2C200 1x, https:\/\/i0.wp.com\/www.escrimepaloise.com\/wordpress\/wp-content\/uploads\/2021\/11\/IMG_8018-e1636402727155.jpg?fit=800%2C681&ssl=1&resize=525%2C300 1.5x, https:\/\/i0.wp.com\/www.escrimepaloise.com\/wordpress\/wp-content\/uploads\/2021\/11\/IMG_8018-e1636402727155.jpg?fit=800%2C681&ssl=1&resize=700%2C400 2x"},"classes":[]},{"id":12112,"url":"https:\/\/www.escrimepaloise.com\/wordpress\/2016\/08\/30\/la-section-meilleur-club-formateur-francais\/","url_meta":{"origin":20250,"position":3},"title":"La Section Meilleur Club formateur fran\u00e7ais","author":"Alain C.","date":"30 ao\u00fbt 2016","format":false,"excerpt":"Avec les benjamins et les minimes champions de France 2016, la f\u00e9d\u00e9ration fran\u00e7aise d'escrime vient de nous accorder le label CREFED (centre r\u00e9gional d'entra\u00eenement)","rel":"","context":"Dans &quot;Non class\u00e9&quot;","block_context":{"text":"Non class\u00e9","link":"https:\/\/www.escrimepaloise.com\/wordpress\/category\/non-classe\/"},"img":{"alt_text":"","src":"https:\/\/i0.wp.com\/www.escrimepaloise.com\/wordpress\/wp-content\/uploads\/2016\/08\/IMG_1190-e1472563005410.jpg?fit=800%2C600&ssl=1&resize=350%2C200","width":350,"height":200,"srcset":"https:\/\/i0.wp.com\/www.escrimepaloise.com\/wordpress\/wp-content\/uploads\/2016\/08\/IMG_1190-e1472563005410.jpg?fit=800%2C600&ssl=1&resize=350%2C200 1x, https:\/\/i0.wp.com\/www.escrimepaloise.com\/wordpress\/wp-content\/uploads\/2016\/08\/IMG_1190-e1472563005410.jpg?fit=800%2C600&ssl=1&resize=525%2C300 1.5x, https:\/\/i0.wp.com\/www.escrimepaloise.com\/wordpress\/wp-content\/uploads\/2016\/08\/IMG_1190-e1472563005410.jpg?fit=800%2C600&ssl=1&resize=700%2C400 2x"},"classes":[]},{"id":14159,"url":"https:\/\/www.escrimepaloise.com\/wordpress\/2019\/12\/02\/nos-sabreurs-en-verve-a-eislingen-et-a-seyssins\/","url_meta":{"origin":20250,"position":4},"title":"Nos sabreurs en verve \u00e0 Eislingen et \u00e0 Seyssins","author":"Alain C.","date":"2 d\u00e9cembre 2019","format":false,"excerpt":"Encore un grand week-end pour nos escrimeurs engag\u00e9s en coupe d'Europe cadet \u00e0 Eislingen et en circuit national s\u00e9niors \u00e0 Seyssins en banlieue grenobloise. Tout d'abord en Allemagne avec 4 engag\u00e9s dans un contexte international tr\u00e8s relev\u00e9 (quelques 200 participants filles et gar\u00e7ons avec les meilleurs nations dont les italiens,\u2026","rel":"","context":"Dans &quot;Non class\u00e9&quot;","block_context":{"text":"Non class\u00e9","link":"https:\/\/www.escrimepaloise.com\/wordpress\/category\/non-classe\/"},"img":{"alt_text":"","src":"https:\/\/i0.wp.com\/www.escrimepaloise.com\/wordpress\/wp-content\/uploads\/2019\/12\/IMG_3557.jpg?fit=720%2C960&ssl=1&resize=350%2C200","width":350,"height":200,"srcset":"https:\/\/i0.wp.com\/www.escrimepaloise.com\/wordpress\/wp-content\/uploads\/2019\/12\/IMG_3557.jpg?fit=720%2C960&ssl=1&resize=350%2C200 1x, https:\/\/i0.wp.com\/www.escrimepaloise.com\/wordpress\/wp-content\/uploads\/2019\/12\/IMG_3557.jpg?fit=720%2C960&ssl=1&resize=525%2C300 1.5x, https:\/\/i0.wp.com\/www.escrimepaloise.com\/wordpress\/wp-content\/uploads\/2019\/12\/IMG_3557.jpg?fit=720%2C960&ssl=1&resize=700%2C400 2x"},"classes":[]},{"id":24877,"url":"https:\/\/www.escrimepaloise.com\/wordpress\/2022\/06\/20\/tom-champion-lucas-troisieme\/","url_meta":{"origin":20250,"position":5},"title":"Tom champion Lucas troisi\u00e8me","author":"Alain","date":"20 juin 2022","format":false,"excerpt":"Tom\u00a0 est devenu champion de France M17 ce week-end \u00e0 Tarbes en \u00e9liminant son partenaire du crefed de Pau Lucas Guilley sur blessure en demi-finale. \u00a0","rel":"","context":"Dans &quot;Non class\u00e9&quot;","block_context":{"text":"Non class\u00e9","link":"https:\/\/www.escrimepaloise.com\/wordpress\/category\/non-classe\/"},"img":{"alt_text":"","src":"https:\/\/i0.wp.com\/www.escrimepaloise.com\/wordpress\/wp-content\/uploads\/2022\/06\/IMG_5634-e1655744262785.jpg?fit=800%2C1063&ssl=1&resize=350%2C200","width":350,"height":200,"srcset":"https:\/\/i0.wp.com\/www.escrimepaloise.com\/wordpress\/wp-content\/uploads\/2022\/06\/IMG_5634-e1655744262785.jpg?fit=800%2C1063&ssl=1&resize=350%2C200 1x, https:\/\/i0.wp.com\/www.escrimepaloise.com\/wordpress\/wp-content\/uploads\/2022\/06\/IMG_5634-e1655744262785.jpg?fit=800%2C1063&ssl=1&resize=525%2C300 1.5x, https:\/\/i0.wp.com\/www.escrimepaloise.com\/wordpress\/wp-content\/uploads\/2022\/06\/IMG_5634-e1655744262785.jpg?fit=800%2C1063&ssl=1&resize=700%2C400 2x"},"classes":[]}],"_links":{"self":[{"href":"https:\/\/www.escrimepaloise.com\/wordpress\/wp-json\/wp\/v2\/posts\/20250","targetHints":{"allow":["GET"]}}],"collection":[{"href":"https:\/\/www.escrimepaloise.com\/wordpress\/wp-json\/wp\/v2\/posts"}],"about":[{"href":"https:\/\/www.escrimepaloise.com\/wordpress\/wp-json\/wp\/v2\/types\/post"}],"author":[{"embeddable":true,"href":"https:\/\/www.escrimepaloise.com\/wordpress\/wp-json\/wp\/v2\/users\/6"}],"replies":[{"embeddable":true,"href":"https:\/\/www.escrimepaloise.com\/wordpress\/wp-json\/wp\/v2\/comments?post=20250"}],"version-history":[{"count":5,"href":"https:\/\/www.escrimepaloise.com\/wordpress\/wp-json\/wp\/v2\/posts\/20250\/revisions"}],"predecessor-version":[{"id":20255,"href":"https:\/\/www.escrimepaloise.com\/wordpress\/wp-json\/wp\/v2\/posts\/20250\/revisions\/20255"}],"wp:featuredmedia":[{"embeddable":true,"href":"https:\/\/www.escrimepaloise.com\/wordpress\/wp-json\/wp\/v2\/media\/20231"}],"wp:attachment":[{"href":"https:\/\/www.escrimepaloise.com\/wordpress\/wp-json\/wp\/v2\/media?parent=20250"}],"wp:term":[{"taxonomy":"category","embeddable":true,"href":"https:\/\/www.escrimepaloise.com\/wordpress\/wp-json\/wp\/v2\/categories?post=20250"},{"taxonomy":"post_tag","embeddable":true,"href":"https:\/\/www.escrimepaloise.com\/wordpress\/wp-json\/wp\/v2\/tags?post=20250"}],"curies":[{"name":"wp","href":"https:\/\/api.w.org\/{rel}","templated":true}]}}