{"id":24474,"date":"2021-05-09T15:49:26","date_gmt":"2021-05-09T13:49:26","guid":{"rendered":"http:\/\/www.escrimepaloise.com\/wordpress\/?p=24474"},"modified":"2021-05-09T15:49:26","modified_gmt":"2021-05-09T13:49:26","slug":"sam-et-paco-medailles-de-bronze-aux-championnats-du-monde","status":"publish","type":"post","link":"https:\/\/www.escrimepaloise.com\/wordpress\/2021\/05\/09\/sam-et-paco-medailles-de-bronze-aux-championnats-du-monde\/","title":{"rendered":"Sam et Paco m\u00e9daill\u00e9s de bronze aux championnats du monde"},"content":{"rendered":"<p>Apr\u00e8s Ugo, Albin et Fran\u00e7ois champion d&rsquo;Europe en 2020, Sam et Paco obtiennent une magnifique m\u00e9daille de bronze aux championnats du monde juniors qui ont eu lieu au Caire. Vainqueurs des am\u00e9ricains pour le match pour la troisi\u00e8me place, ils auraient m\u00eame pu esp\u00e9rer mieux\u00a0 car ils menaient 40 \u00e0 31 en demi finale sur les russes, le coach fran\u00e7ais choisissant de faire terminer Duncan un ancien sectionniste \u00e0 la place de Paco, plus\u00a0 habitu\u00e9 \u00e0 supporter le stress des derniers matchs.<\/p>\n","protected":false},"excerpt":{"rendered":"<p>Apr\u00e8s Ugo, Albin et Fran\u00e7ois champion d&rsquo;Europe en 2020, Sam et Paco obtiennent une magnifique m\u00e9daille de bronze aux championnats du monde juniors qui ont eu lieu au Caire. Vainqueurs des am\u00e9ricains pour le match pour la troisi\u00e8me place, ils auraient m\u00eame pu esp\u00e9rer mieux\u00a0 car ils menaient 40 \u00e0 31 en demi finale sur [&hellip;]<\/p>\n","protected":false},"author":7,"featured_media":24475,"comment_status":"closed","ping_status":"closed","sticky":false,"template":"","format":"standard","meta":{"jetpack_post_was_ever_published":false,"_jetpack_newsletter_access":"","_jetpack_dont_email_post_to_subs":false,"_jetpack_newsletter_tier_id":0,"_jetpack_memberships_contains_paywalled_content":false,"_jetpack_memberships_contains_paid_content":false,"footnotes":"","jetpack_publicize_message":"","jetpack_publicize_feature_enabled":true,"jetpack_social_post_already_shared":true,"jetpack_social_options":{"image_generator_settings":{"template":"highway","default_image_id":0,"font":"","enabled":false},"version":2}},"categories":[1],"tags":[],"class_list":["post-24474","post","type-post","status-publish","format-standard","has-post-thumbnail","hentry","category-non-classe"],"jetpack_publicize_connections":[],"jetpack_featured_media_url":"https:\/\/i0.wp.com\/www.escrimepaloise.com\/wordpress\/wp-content\/uploads\/2021\/05\/IMG_6884-e1620568141206.jpg?fit=800%2C600&ssl=1","jetpack_sharing_enabled":true,"jetpack_shortlink":"https:\/\/wp.me\/p8aWQh-6mK","jetpack-related-posts":[{"id":24461,"url":"https:\/\/www.escrimepaloise.com\/wordpress\/2021\/03\/29\/samuel-jarry-et-paco-boureau-selectionnes-aux-championnats-du-monde\/","url_meta":{"origin":24474,"position":0},"title":"Samuel Jarry et Paco Boureau s\u00e9lectionn\u00e9s aux championnats du Monde","author":"Alain","date":"29 mars 2021","format":false,"excerpt":"Samuel Jarry et Paco Boureau repr\u00e9senteront la France du 3 au 11 avril au Caire \u00e0 l'occasion des championnats du monde juniors. M\u00eame si aucune comp\u00e9tition s\u00e9lective a eu lieu depuis 1 an, ces s\u00e9lections concr\u00e9tisent le travail de formation r\u00e9alis\u00e9 par la Section Paloise. En cadet, Albin Guyonnaud, champion\u2026","rel":"","context":"Dans &quot;Non class\u00e9&quot;","block_context":{"text":"Non class\u00e9","link":"https:\/\/www.escrimepaloise.com\/wordpress\/category\/non-classe\/"},"img":{"alt_text":"","src":"https:\/\/i0.wp.com\/www.escrimepaloise.com\/wordpress\/wp-content\/uploads\/2021\/03\/sam-et-paco-aux-monde-21-scaled-e1617041778201.jpg?fit=800%2C600&ssl=1&resize=350%2C200","width":350,"height":200,"srcset":"https:\/\/i0.wp.com\/www.escrimepaloise.com\/wordpress\/wp-content\/uploads\/2021\/03\/sam-et-paco-aux-monde-21-scaled-e1617041778201.jpg?fit=800%2C600&ssl=1&resize=350%2C200 1x, https:\/\/i0.wp.com\/www.escrimepaloise.com\/wordpress\/wp-content\/uploads\/2021\/03\/sam-et-paco-aux-monde-21-scaled-e1617041778201.jpg?fit=800%2C600&ssl=1&resize=525%2C300 1.5x, https:\/\/i0.wp.com\/www.escrimepaloise.com\/wordpress\/wp-content\/uploads\/2021\/03\/sam-et-paco-aux-monde-21-scaled-e1617041778201.jpg?fit=800%2C600&ssl=1&resize=700%2C400 2x"},"classes":[]},{"id":13112,"url":"https:\/\/www.escrimepaloise.com\/wordpress\/2018\/03\/29\/en-route-pour-les-championnats-du-monde\/","url_meta":{"origin":24474,"position":1},"title":"En route pour les championnats du monde","author":"Alain C.","date":"29 mars 2018","format":false,"excerpt":"A partir de la semaine prochaine, 3 palois participeront aux championnats du monde cadets-juniors \u00e0 V\u00e9rone en Italie. Mercredi 4 avril, Eliott, tout aur\u00e9ol\u00e9 de son titre de champion d'Europe avec l'\u00e9quipe de fRance,\u00a0 aura \u00e0 coeur de montrer qu'il a le niveau pour se hisser en individuel au niveau\u2026","rel":"","context":"Dans &quot;Non class\u00e9&quot;","block_context":{"text":"Non class\u00e9","link":"https:\/\/www.escrimepaloise.com\/wordpress\/category\/non-classe\/"},"img":{"alt_text":"","src":"https:\/\/i0.wp.com\/www.escrimepaloise.com\/wordpress\/wp-content\/uploads\/2018\/03\/DSC_5221-e1522517734442.jpg?fit=800%2C534&ssl=1&resize=350%2C200","width":350,"height":200,"srcset":"https:\/\/i0.wp.com\/www.escrimepaloise.com\/wordpress\/wp-content\/uploads\/2018\/03\/DSC_5221-e1522517734442.jpg?fit=800%2C534&ssl=1&resize=350%2C200 1x, https:\/\/i0.wp.com\/www.escrimepaloise.com\/wordpress\/wp-content\/uploads\/2018\/03\/DSC_5221-e1522517734442.jpg?fit=800%2C534&ssl=1&resize=525%2C300 1.5x, https:\/\/i0.wp.com\/www.escrimepaloise.com\/wordpress\/wp-content\/uploads\/2018\/03\/DSC_5221-e1522517734442.jpg?fit=800%2C534&ssl=1&resize=700%2C400 2x"},"classes":[]},{"id":13224,"url":"https:\/\/www.escrimepaloise.com\/wordpress\/2018\/06\/22\/sam-et-paco-en-demo-chez-les-scolaires\/","url_meta":{"origin":24474,"position":2},"title":"Sam et Paco en d\u00e9mo chez les scolaires","author":"Alain C.","date":"22 juin 2018","format":false,"excerpt":"Comme tous les ans, les \u00e9l\u00e8ves de cycles 3 des \u00e9coles volontaires de Pau est et Pau centre ont b\u00e9n\u00e9fici\u00e9 d'un cycle d\u2019apprentissage en escrime\u00a0pendant le temps scolaire. Cette initiation est possible gr\u00e2ce \u00e0 l\u2019accord de l\u2019Inspection d\u2019Acad\u00e9mique, la Direction des Sports de\u00a0\u00a0la ville de Pau qui met \u00e0 disposition\u00a0l'\u00e9ducateur,\u2026","rel":"","context":"Dans &quot;Non class\u00e9&quot;","block_context":{"text":"Non class\u00e9","link":"https:\/\/www.escrimepaloise.com\/wordpress\/category\/non-classe\/"},"img":{"alt_text":"","src":"https:\/\/i0.wp.com\/www.escrimepaloise.com\/wordpress\/wp-content\/uploads\/2018\/06\/thumbnail-e1529678346992.jpg?fit=800%2C571&ssl=1&resize=350%2C200","width":350,"height":200,"srcset":"https:\/\/i0.wp.com\/www.escrimepaloise.com\/wordpress\/wp-content\/uploads\/2018\/06\/thumbnail-e1529678346992.jpg?fit=800%2C571&ssl=1&resize=350%2C200 1x, https:\/\/i0.wp.com\/www.escrimepaloise.com\/wordpress\/wp-content\/uploads\/2018\/06\/thumbnail-e1529678346992.jpg?fit=800%2C571&ssl=1&resize=525%2C300 1.5x, https:\/\/i0.wp.com\/www.escrimepaloise.com\/wordpress\/wp-content\/uploads\/2018\/06\/thumbnail-e1529678346992.jpg?fit=800%2C571&ssl=1&resize=700%2C400 2x"},"classes":[]},{"id":13014,"url":"https:\/\/www.escrimepaloise.com\/wordpress\/2018\/02\/05\/1-2-finale-des-championnats-de-france-juniors-a-bourges-les-palois-en-bronze\/","url_meta":{"origin":24474,"position":3},"title":"1\/2 finale des championnats de France juniors \u00e0 Bourges. Les palois en bronze.","author":"Alain C.","date":"5 f\u00e9vrier 2018","format":false,"excerpt":"En l\u2019absence d\u2019Eliott Bibi retenu en s\u00e9lection en coupe du monde seniors \u00e0 Padoue, la Section Paloise a ch\u00e8rement vendu sa peau obtenant une bonne troisi\u00e8me place synonyme de qualification pour les finales qui auront lieu cette ann\u00e9e \u00e0 Besan\u00e7on au mois de mai. Victorieuse de ses 3 matchs de\u2026","rel":"","context":"Dans &quot;Non class\u00e9&quot;","block_context":{"text":"Non class\u00e9","link":"https:\/\/www.escrimepaloise.com\/wordpress\/category\/non-classe\/"},"img":{"alt_text":"","src":"https:\/\/i0.wp.com\/www.escrimepaloise.com\/wordpress\/wp-content\/uploads\/2018\/02\/IMG_3139-e1517833761932.jpg?fit=800%2C600&ssl=1&resize=350%2C200","width":350,"height":200,"srcset":"https:\/\/i0.wp.com\/www.escrimepaloise.com\/wordpress\/wp-content\/uploads\/2018\/02\/IMG_3139-e1517833761932.jpg?fit=800%2C600&ssl=1&resize=350%2C200 1x, https:\/\/i0.wp.com\/www.escrimepaloise.com\/wordpress\/wp-content\/uploads\/2018\/02\/IMG_3139-e1517833761932.jpg?fit=800%2C600&ssl=1&resize=525%2C300 1.5x, https:\/\/i0.wp.com\/www.escrimepaloise.com\/wordpress\/wp-content\/uploads\/2018\/02\/IMG_3139-e1517833761932.jpg?fit=800%2C600&ssl=1&resize=700%2C400 2x"},"classes":[]},{"id":12571,"url":"https:\/\/www.escrimepaloise.com\/wordpress\/2017\/03\/13\/paco-boureau-saffirme-au-plus-haut-niveau\/","url_meta":{"origin":24474,"position":4},"title":"Paco Boureau s&rsquo;affirme au plus haut niveau","author":"Alain C.","date":"13 mars 2017","format":false,"excerpt":"Ce week end avait lieu \u00e0 Gisors en Normandie, le troisi\u00e8me circuit national juniors au sabre s\u00e9lectif pour les championnats de France qui auront lieu \u00e0 Charleville M\u00e9zi\u00e8res fin mai. En l'abscence des 4 meilleurs fran\u00e7ais dont Eliott Bibi \u00e0 peine rentr\u00e9 des championnats d'Europe avec sa m\u00e9daille de bronze\u2026","rel":"","context":"Dans &quot;Non class\u00e9&quot;","block_context":{"text":"Non class\u00e9","link":"https:\/\/www.escrimepaloise.com\/wordpress\/category\/non-classe\/"},"img":{"alt_text":"","src":"https:\/\/i0.wp.com\/www.escrimepaloise.com\/wordpress\/wp-content\/uploads\/2017\/03\/IMG_2184-e1489403546708.jpg?fit=800%2C600&ssl=1&resize=350%2C200","width":350,"height":200,"srcset":"https:\/\/i0.wp.com\/www.escrimepaloise.com\/wordpress\/wp-content\/uploads\/2017\/03\/IMG_2184-e1489403546708.jpg?fit=800%2C600&ssl=1&resize=350%2C200 1x, https:\/\/i0.wp.com\/www.escrimepaloise.com\/wordpress\/wp-content\/uploads\/2017\/03\/IMG_2184-e1489403546708.jpg?fit=800%2C600&ssl=1&resize=525%2C300 1.5x, https:\/\/i0.wp.com\/www.escrimepaloise.com\/wordpress\/wp-content\/uploads\/2017\/03\/IMG_2184-e1489403546708.jpg?fit=800%2C600&ssl=1&resize=700%2C400 2x"},"classes":[]},{"id":13660,"url":"https:\/\/www.escrimepaloise.com\/wordpress\/2019\/02\/18\/coupe-du-monde-de-dourdan-bibi-et-boureau-aux-sommets\/","url_meta":{"origin":24474,"position":5},"title":"Coupe du monde de Dourdan &#8211;    Bibi et Boureau aux sommets","author":"Alain C.","date":"18 f\u00e9vrier 2019","format":false,"excerpt":"\u00c9liott Bibi remporte ce week-end \u00e0 Dourdan la derni\u00e8re manche de la coupe du monde de sabre junior en battant en finale l\u2019am\u00e9ricain Saron 15 a 13, avec beaucoup de ma\u00eetrise et de maturit\u00e9. Apr\u00e8s sa victoire \u00e0 Sotchi en d\u00e9but de saison, ses 2 podiums \u00e0 Varsovie et Dormagen,\u2026","rel":"","context":"Dans &quot;Non class\u00e9&quot;","block_context":{"text":"Non class\u00e9","link":"https:\/\/www.escrimepaloise.com\/wordpress\/category\/non-classe\/"},"img":{"alt_text":"","src":"https:\/\/i0.wp.com\/www.escrimepaloise.com\/wordpress\/wp-content\/uploads\/2019\/02\/IMG_1589-e1550511229289.jpg?fit=800%2C600&ssl=1&resize=350%2C200","width":350,"height":200,"srcset":"https:\/\/i0.wp.com\/www.escrimepaloise.com\/wordpress\/wp-content\/uploads\/2019\/02\/IMG_1589-e1550511229289.jpg?fit=800%2C600&ssl=1&resize=350%2C200 1x, https:\/\/i0.wp.com\/www.escrimepaloise.com\/wordpress\/wp-content\/uploads\/2019\/02\/IMG_1589-e1550511229289.jpg?fit=800%2C600&ssl=1&resize=525%2C300 1.5x, https:\/\/i0.wp.com\/www.escrimepaloise.com\/wordpress\/wp-content\/uploads\/2019\/02\/IMG_1589-e1550511229289.jpg?fit=800%2C600&ssl=1&resize=700%2C400 2x"},"classes":[]}],"_links":{"self":[{"href":"https:\/\/www.escrimepaloise.com\/wordpress\/wp-json\/wp\/v2\/posts\/24474","targetHints":{"allow":["GET"]}}],"collection":[{"href":"https:\/\/www.escrimepaloise.com\/wordpress\/wp-json\/wp\/v2\/posts"}],"about":[{"href":"https:\/\/www.escrimepaloise.com\/wordpress\/wp-json\/wp\/v2\/types\/post"}],"author":[{"embeddable":true,"href":"https:\/\/www.escrimepaloise.com\/wordpress\/wp-json\/wp\/v2\/users\/7"}],"replies":[{"embeddable":true,"href":"https:\/\/www.escrimepaloise.com\/wordpress\/wp-json\/wp\/v2\/comments?post=24474"}],"version-history":[{"count":1,"href":"https:\/\/www.escrimepaloise.com\/wordpress\/wp-json\/wp\/v2\/posts\/24474\/revisions"}],"predecessor-version":[{"id":24476,"href":"https:\/\/www.escrimepaloise.com\/wordpress\/wp-json\/wp\/v2\/posts\/24474\/revisions\/24476"}],"wp:featuredmedia":[{"embeddable":true,"href":"https:\/\/www.escrimepaloise.com\/wordpress\/wp-json\/wp\/v2\/media\/24475"}],"wp:attachment":[{"href":"https:\/\/www.escrimepaloise.com\/wordpress\/wp-json\/wp\/v2\/media?parent=24474"}],"wp:term":[{"taxonomy":"category","embeddable":true,"href":"https:\/\/www.escrimepaloise.com\/wordpress\/wp-json\/wp\/v2\/categories?post=24474"},{"taxonomy":"post_tag","embeddable":true,"href":"https:\/\/www.escrimepaloise.com\/wordpress\/wp-json\/wp\/v2\/tags?post=24474"}],"curies":[{"name":"wp","href":"https:\/\/api.w.org\/{rel}","templated":true}]}}