{"id":25145,"date":"2023-02-01T22:36:10","date_gmt":"2023-02-01T21:36:10","guid":{"rendered":"https:\/\/www.escrimepaloise.com\/wordpress\/?p=25145"},"modified":"2023-02-01T22:38:38","modified_gmt":"2023-02-01T21:38:38","slug":"laurent-medaille-de-la-jeunesse-et-des-sports","status":"publish","type":"post","link":"https:\/\/www.escrimepaloise.com\/wordpress\/2023\/02\/01\/laurent-medaille-de-la-jeunesse-et-des-sports\/","title":{"rendered":"Laurent m\u00e9daill\u00e9 de la Jeunesse et des sports"},"content":{"rendered":"<p>c&rsquo;est en pr\u00e9sence de Philippe Etcheverria, d\u00e9l\u00e9gu\u00e9 d\u00e9partemental \u00e0 la vie associative, Fran\u00e7ois Meyzenc, pr\u00e9sident du CDOS, Sandrine Lafargue, \u00e9lue au d\u00e9partement et Benoit Allias pr\u00e9sident de la section paloise escrime, que Laurent Vicenty a re\u00e7u la m\u00e9daille de bronze de la jeunesse et des sports, une r\u00e9compense bien m\u00e9rit\u00e9e pour les 25 ans de bons et loyaux services pass\u00e9s au club. F\u00e9licitations \u00e0 lui.<\/p>\n","protected":false},"excerpt":{"rendered":"<p>c&rsquo;est en pr\u00e9sence de Philippe Etcheverria, d\u00e9l\u00e9gu\u00e9 d\u00e9partemental \u00e0 la vie associative, Fran\u00e7ois Meyzenc, pr\u00e9sident du CDOS, Sandrine Lafargue, \u00e9lue au d\u00e9partement et Benoit Allias pr\u00e9sident de la section paloise escrime, que Laurent Vicenty a re\u00e7u la m\u00e9daille de bronze de la jeunesse et des sports, une r\u00e9compense bien m\u00e9rit\u00e9e pour les 25 ans de [&hellip;]<\/p>\n","protected":false},"author":7,"featured_media":25146,"comment_status":"closed","ping_status":"closed","sticky":false,"template":"","format":"standard","meta":{"jetpack_post_was_ever_published":false,"_jetpack_newsletter_access":"","_jetpack_dont_email_post_to_subs":false,"_jetpack_newsletter_tier_id":0,"_jetpack_memberships_contains_paywalled_content":false,"_jetpack_memberships_contains_paid_content":false,"footnotes":"","jetpack_publicize_message":"","jetpack_publicize_feature_enabled":true,"jetpack_social_post_already_shared":true,"jetpack_social_options":{"image_generator_settings":{"template":"highway","default_image_id":0,"font":"","enabled":false},"version":2}},"categories":[1],"tags":[],"class_list":["post-25145","post","type-post","status-publish","format-standard","has-post-thumbnail","hentry","category-non-classe"],"jetpack_publicize_connections":[],"jetpack_featured_media_url":"https:\/\/i0.wp.com\/www.escrimepaloise.com\/wordpress\/wp-content\/uploads\/2023\/02\/IMG_0289-e1675287356650.jpg?fit=800%2C600&ssl=1","jetpack_sharing_enabled":true,"jetpack_shortlink":"https:\/\/wp.me\/p8aWQh-6xz","jetpack-related-posts":[{"id":24495,"url":"https:\/\/www.escrimepaloise.com\/wordpress\/2021\/06\/29\/notre-president-benoit-allias-decore-de-la-medaille-dargent-de-la-jeunesse-et-des-sports\/","url_meta":{"origin":25145,"position":0},"title":"Notre Pr\u00e9sident Benoit Allias d\u00e9cor\u00e9 de la m\u00e9daille d&rsquo;argent de la jeunesse et des sports","author":"Alain","date":"29 juin 2021","format":false,"excerpt":"A l'occasion des championnats de France M17 qui se sont d\u00e9roul\u00e9s \u00e0 Pau, Benoit Allias, Pr\u00e9sident de la Section paloise Escrime a re\u00e7u la m\u00e9daille d'argent de la Jeunesse et des Sports des mains de Bruno Gares, Pr\u00e9sident de la f\u00e9d\u00e9ration fran\u00e7aise d'escrime, l'occasion de rappeler son engagement associatif sans\u2026","rel":"","context":"Dans &quot;Non class\u00e9&quot;","block_context":{"text":"Non class\u00e9","link":"https:\/\/www.escrimepaloise.com\/wordpress\/category\/non-classe\/"},"img":{"alt_text":"","src":"https:\/\/i0.wp.com\/www.escrimepaloise.com\/wordpress\/wp-content\/uploads\/2021\/06\/IMG_7139-e1625002398732.jpg?fit=800%2C600&ssl=1&resize=350%2C200","width":350,"height":200,"srcset":"https:\/\/i0.wp.com\/www.escrimepaloise.com\/wordpress\/wp-content\/uploads\/2021\/06\/IMG_7139-e1625002398732.jpg?fit=800%2C600&ssl=1&resize=350%2C200 1x, https:\/\/i0.wp.com\/www.escrimepaloise.com\/wordpress\/wp-content\/uploads\/2021\/06\/IMG_7139-e1625002398732.jpg?fit=800%2C600&ssl=1&resize=525%2C300 1.5x, https:\/\/i0.wp.com\/www.escrimepaloise.com\/wordpress\/wp-content\/uploads\/2021\/06\/IMG_7139-e1625002398732.jpg?fit=800%2C600&ssl=1&resize=700%2C400 2x"},"classes":[]},{"id":25133,"url":"https:\/\/www.escrimepaloise.com\/wordpress\/2023\/02\/01\/la-section-triomphe-par-equipe\/","url_meta":{"origin":25145,"position":1},"title":"Circuit National S\u00e9niors \u00ab\u00a0Elite\u00a0\u00bb La Section triomphe par \u00e9quipe","author":"Alain","date":"1 f\u00e9vrier 2023","format":false,"excerpt":"Gros week-end de comp\u00e9tition pour notre club: Deux jours intenses au Ja\u00ef-Ala\u00ef en terme\u00a0 d'organisation et d'assauts de haut-niveau pour cette demi-finale des championnats de France individuels et par \u00e9quipe. En individuel Eliott prend la 6e place, battu 15\/14 en quart. En \u00e9quipe deux belles victoires paloises qui ont ravi\u2026","rel":"","context":"Dans &quot;Non class\u00e9&quot;","block_context":{"text":"Non class\u00e9","link":"https:\/\/www.escrimepaloise.com\/wordpress\/category\/non-classe\/"},"img":{"alt_text":"","src":"https:\/\/i0.wp.com\/www.escrimepaloise.com\/wordpress\/wp-content\/uploads\/2023\/02\/IMG_0274.jpg?fit=640%2C360&ssl=1&resize=350%2C200","width":350,"height":200,"srcset":"https:\/\/i0.wp.com\/www.escrimepaloise.com\/wordpress\/wp-content\/uploads\/2023\/02\/IMG_0274.jpg?fit=640%2C360&ssl=1&resize=350%2C200 1x, https:\/\/i0.wp.com\/www.escrimepaloise.com\/wordpress\/wp-content\/uploads\/2023\/02\/IMG_0274.jpg?fit=640%2C360&ssl=1&resize=525%2C300 1.5x"},"classes":[]},{"id":25717,"url":"https:\/\/www.escrimepaloise.com\/wordpress\/2024\/01\/30\/laurent-medaille\/","url_meta":{"origin":25145,"position":2},"title":"Laurent M\u00e9daill\u00e9","author":"Alain","date":"30 janvier 2024","format":false,"excerpt":"C\u2019est \u00e0 l\u2019occasion des v\u0153ux de la Section Paloise Omnisports que notre entra\u00eeneur Laurent VICENTY a \u00e9t\u00e9 r\u00e9compens\u00e9 de la m\u00e9daille du m\u00e9rite de la Section Paloise Omnisports. Laurent est arriv\u00e9 \u00e0 la section paloise escrime\u00a0 en 1998 . Cela fait donc 26 ans qu'il participe \u00e0\u00a0 la r\u00e9ussite de\u2026","rel":"","context":"Dans &quot;Non class\u00e9&quot;","block_context":{"text":"Non class\u00e9","link":"https:\/\/www.escrimepaloise.com\/wordpress\/category\/non-classe\/"},"img":{"alt_text":"","src":"https:\/\/i0.wp.com\/www.escrimepaloise.com\/wordpress\/wp-content\/uploads\/2024\/01\/loolish-medaille-e1706599374995.jpg?fit=800%2C1067&ssl=1&resize=350%2C200","width":350,"height":200,"srcset":"https:\/\/i0.wp.com\/www.escrimepaloise.com\/wordpress\/wp-content\/uploads\/2024\/01\/loolish-medaille-e1706599374995.jpg?fit=800%2C1067&ssl=1&resize=350%2C200 1x, https:\/\/i0.wp.com\/www.escrimepaloise.com\/wordpress\/wp-content\/uploads\/2024\/01\/loolish-medaille-e1706599374995.jpg?fit=800%2C1067&ssl=1&resize=525%2C300 1.5x, https:\/\/i0.wp.com\/www.escrimepaloise.com\/wordpress\/wp-content\/uploads\/2024\/01\/loolish-medaille-e1706599374995.jpg?fit=800%2C1067&ssl=1&resize=700%2C400 2x"},"classes":[]},{"id":12454,"url":"https:\/\/www.escrimepaloise.com\/wordpress\/2017\/01\/11\/romain-recoit-la-medaille-du-merite\/","url_meta":{"origin":25145,"position":3},"title":"Romain re\u00e7oit la m\u00e9daille du m\u00e9rite","author":"Alain C.","date":"11 janvier 2017","format":false,"excerpt":"A l'occasion des voeux de la Section Paloise Omnisports, Romain a re\u00e7u lundi la m\u00e9daille du m\u00e9rite des mains d'Eric Saubatte, Maire adjoint des Sports de la Ville de Pau et Benoit Allias, Pr\u00e9sident de l'escrime. En pr\u00e9sence de Fran\u00e7ois Bayrou, d\u00e9put\u00e9 Maire de Pau, Benoit Allias a rappel\u00e9 l'extraordinaire\u2026","rel":"","context":"Dans &quot;Non class\u00e9&quot;","block_context":{"text":"Non class\u00e9","link":"https:\/\/www.escrimepaloise.com\/wordpress\/category\/non-classe\/"},"img":{"alt_text":"","src":"https:\/\/i0.wp.com\/www.escrimepaloise.com\/wordpress\/wp-content\/uploads\/2017\/01\/IMG_1905-e1484137454569.jpg?fit=600%2C800&ssl=1&resize=350%2C200","width":350,"height":200,"srcset":"https:\/\/i0.wp.com\/www.escrimepaloise.com\/wordpress\/wp-content\/uploads\/2017\/01\/IMG_1905-e1484137454569.jpg?fit=600%2C800&ssl=1&resize=350%2C200 1x, https:\/\/i0.wp.com\/www.escrimepaloise.com\/wordpress\/wp-content\/uploads\/2017\/01\/IMG_1905-e1484137454569.jpg?fit=600%2C800&ssl=1&resize=525%2C300 1.5x"},"classes":[]},{"id":25490,"url":"https:\/\/www.escrimepaloise.com\/wordpress\/2023\/08\/04\/samuel-jarry-en-bronze-aux-championnats-du-monde-universitaire-de-chengdu\/","url_meta":{"origin":25145,"position":4},"title":"Samuel JARRY en Bronze aux Championnats du Monde Universitaire de Chengdu","author":"Alain","date":"4 ao\u00fbt 2023","format":false,"excerpt":"On n\u2019arr\u00eate plus l\u2019ascension de Samuel Jarry en cette fin de saison et sa moisson de m\u00e9dailles. Apr\u00e8s son r\u00e9cent titre de Vice-Champion de France U23, le sabreur de la Section Paloise Escrime vient tout simplement de r\u00e9aliser une performance majuscule en d\u00e9crochant la m\u00e9daille de bronze lors des championnats\u2026","rel":"","context":"Dans &quot;Non class\u00e9&quot;","block_context":{"text":"Non class\u00e9","link":"https:\/\/www.escrimepaloise.com\/wordpress\/category\/non-classe\/"},"img":{"alt_text":"","src":"https:\/\/i0.wp.com\/www.escrimepaloise.com\/wordpress\/wp-content\/uploads\/2023\/08\/Sam-Monde-Universitaire-4-e1691143476408.jpg?fit=800%2C534&ssl=1&resize=350%2C200","width":350,"height":200,"srcset":"https:\/\/i0.wp.com\/www.escrimepaloise.com\/wordpress\/wp-content\/uploads\/2023\/08\/Sam-Monde-Universitaire-4-e1691143476408.jpg?fit=800%2C534&ssl=1&resize=350%2C200 1x, https:\/\/i0.wp.com\/www.escrimepaloise.com\/wordpress\/wp-content\/uploads\/2023\/08\/Sam-Monde-Universitaire-4-e1691143476408.jpg?fit=800%2C534&ssl=1&resize=525%2C300 1.5x, https:\/\/i0.wp.com\/www.escrimepaloise.com\/wordpress\/wp-content\/uploads\/2023\/08\/Sam-Monde-Universitaire-4-e1691143476408.jpg?fit=800%2C534&ssl=1&resize=700%2C400 2x"},"classes":[]},{"id":13195,"url":"https:\/\/www.escrimepaloise.com\/wordpress\/2018\/06\/07\/les-bearnais-bienvenus-chez-les-chtis\/","url_meta":{"origin":25145,"position":5},"title":"Les b\u00e9arnais bienvenus chez les Ch&#8217;tis","author":"spescrime","date":"7 juin 2018","format":false,"excerpt":"Ce week-end avaient lieu le dernier d\u00e9placement\u00a0pour nos M15 sectionnistes \u00e0 l' occasion des championnats de France de sabre\u00a0individuels et par \u00e9quipes \u00e0 H\u00e9nin-Beaumont. Nos jeunes encadr\u00e9s par Laurent Vicenty ont \u00e9t\u00e9 brillants car ils ram\u00e8nent un titre de vice-champion de France N1 en individuel gr\u00e2ce \u00e0\u00a0Ugo Latapy, une m\u00e9daille\u2026","rel":"","context":"Dans &quot;Non class\u00e9&quot;","block_context":{"text":"Non class\u00e9","link":"https:\/\/www.escrimepaloise.com\/wordpress\/category\/non-classe\/"},"img":{"alt_text":"","src":"https:\/\/i0.wp.com\/www.escrimepaloise.com\/wordpress\/wp-content\/uploads\/2018\/06\/henin-beaumont.jpg?fit=1080%2C756&ssl=1&resize=350%2C200","width":350,"height":200,"srcset":"https:\/\/i0.wp.com\/www.escrimepaloise.com\/wordpress\/wp-content\/uploads\/2018\/06\/henin-beaumont.jpg?fit=1080%2C756&ssl=1&resize=350%2C200 1x, https:\/\/i0.wp.com\/www.escrimepaloise.com\/wordpress\/wp-content\/uploads\/2018\/06\/henin-beaumont.jpg?fit=1080%2C756&ssl=1&resize=525%2C300 1.5x, https:\/\/i0.wp.com\/www.escrimepaloise.com\/wordpress\/wp-content\/uploads\/2018\/06\/henin-beaumont.jpg?fit=1080%2C756&ssl=1&resize=700%2C400 2x, https:\/\/i0.wp.com\/www.escrimepaloise.com\/wordpress\/wp-content\/uploads\/2018\/06\/henin-beaumont.jpg?fit=1080%2C756&ssl=1&resize=1050%2C600 3x"},"classes":[]}],"_links":{"self":[{"href":"https:\/\/www.escrimepaloise.com\/wordpress\/wp-json\/wp\/v2\/posts\/25145","targetHints":{"allow":["GET"]}}],"collection":[{"href":"https:\/\/www.escrimepaloise.com\/wordpress\/wp-json\/wp\/v2\/posts"}],"about":[{"href":"https:\/\/www.escrimepaloise.com\/wordpress\/wp-json\/wp\/v2\/types\/post"}],"author":[{"embeddable":true,"href":"https:\/\/www.escrimepaloise.com\/wordpress\/wp-json\/wp\/v2\/users\/7"}],"replies":[{"embeddable":true,"href":"https:\/\/www.escrimepaloise.com\/wordpress\/wp-json\/wp\/v2\/comments?post=25145"}],"version-history":[{"count":1,"href":"https:\/\/www.escrimepaloise.com\/wordpress\/wp-json\/wp\/v2\/posts\/25145\/revisions"}],"predecessor-version":[{"id":25147,"href":"https:\/\/www.escrimepaloise.com\/wordpress\/wp-json\/wp\/v2\/posts\/25145\/revisions\/25147"}],"wp:featuredmedia":[{"embeddable":true,"href":"https:\/\/www.escrimepaloise.com\/wordpress\/wp-json\/wp\/v2\/media\/25146"}],"wp:attachment":[{"href":"https:\/\/www.escrimepaloise.com\/wordpress\/wp-json\/wp\/v2\/media?parent=25145"}],"wp:term":[{"taxonomy":"category","embeddable":true,"href":"https:\/\/www.escrimepaloise.com\/wordpress\/wp-json\/wp\/v2\/categories?post=25145"},{"taxonomy":"post_tag","embeddable":true,"href":"https:\/\/www.escrimepaloise.com\/wordpress\/wp-json\/wp\/v2\/tags?post=25145"}],"curies":[{"name":"wp","href":"https:\/\/api.w.org\/{rel}","templated":true}]}}