{"id":25365,"date":"2023-05-19T23:49:58","date_gmt":"2023-05-19T21:49:58","guid":{"rendered":"https:\/\/www.escrimepaloise.com\/wordpress\/?p=25365"},"modified":"2023-05-20T00:03:48","modified_gmt":"2023-05-19T22:03:48","slug":"alain-coicaud-et-julien-medard-a-la-tete-du-sabre-francais","status":"publish","type":"post","link":"https:\/\/www.escrimepaloise.com\/wordpress\/2023\/05\/19\/alain-coicaud-et-julien-medard-a-la-tete-du-sabre-francais\/","title":{"rendered":"Alain COICAUD et Julien MEDARD \u00e0 la t\u00eate du sabre fran\u00e7ais"},"content":{"rendered":"<p class=\"yiv1116154630MsoNormal\"><b><i><span lang=\"FR\">Chers parents, chers licenci\u00e9s,<\/span><\/i><\/b><\/p>\n<p class=\"yiv1116154630MsoNormal\"><b><i><span lang=\"FR\">\u00a0<\/span><\/i><\/b><\/p>\n<p class=\"yiv1116154630MsoNormal\"><b><i><span lang=\"FR\">C\u2019est avec une tr\u00e8s grande fiert\u00e9 que je suis heureux de vous annoncer la nomination officielle de notre Maitre d\u2019Armes Alain Coicaud en tant que Manager G\u00e9n\u00e9ral de l\u2019Equipe de France de Sabre masculin.<\/span><\/i><\/b><\/p>\n<p class=\"yiv1116154630MsoNormal\"><b><i><span lang=\"FR\">\u00a0<\/span><\/i><\/b><\/p>\n<p class=\"yiv1116154630MsoNormal\"><b><i><span lang=\"FR\">Il sera associ\u00e9 avec un ancien du club Julien M\u00e9dard qui le secondera dans sa qu\u00eate de r\u00eave de m\u00e9dailles Olympiques et de titres mondiaux.<\/span><\/i><\/b><\/p>\n<p class=\"yiv1116154630MsoNormal\"><b><i><span lang=\"FR\">\u00a0<\/span><\/i><\/b><\/p>\n<p class=\"yiv1116154630MsoNormal\"><b><i><span lang=\"FR\">Alain sera en contrat avec la FFE jusqu\u2019\u00e0 la fin des Jeux Olympiques de Paris et entrainera l\u2019\u00e9quipe de France masculine \u00e0 l\u2019INSEP. Il reviendra parmi nous pour la rentr\u00e9e 2024.<\/span><\/i><\/b><\/p>\n<p class=\"yiv1116154630MsoNormal\"><b><i><span lang=\"FR\">\u00a0<\/span><\/i><\/b><\/p>\n<p class=\"yiv1116154630MsoNormal\"><b><i><span lang=\"FR\">Durant cette parenth\u00e8se, Alexandre Andreone officiera en lieu et place associ\u00e9 avec Maitre Laurent Vicenty au club depuis 1998 et responsable de la structure du CPFN.<\/span><\/i><\/b><\/p>\n<p class=\"yiv1116154630MsoNormal\"><b><i><span lang=\"FR\">\u00a0<\/span><\/i><\/b><\/p>\n<p class=\"yiv1116154630MsoNormal\"><b><i><span lang=\"FR\">Le planning des cours reste inchang\u00e9, de m\u00eame que vos interlocuteurs \u00e0 la salle d\u2019Armes.<\/span><\/i><\/b><\/p>\n<p class=\"yiv1116154630MsoNormal\"><b><i><span lang=\"FR\">\u00a0<\/span><\/i><\/b><\/p>\n<p class=\"yiv1116154630MsoNormal\"><b><i><span lang=\"FR\">Nous souhaitons \u00e0 Alain toute la plus grande r\u00e9ussite, et accueillons Alexandre Andreone avec beaucoup enthousiasme et un tr\u00e8s grand plaisir.<\/span><\/i><\/b><\/p>\n<p class=\"yiv1116154630MsoNormal\"><b><i><span lang=\"FR\">\u00a0<\/span><\/i><\/b><\/p>\n<p class=\"yiv1116154630MsoNormal\"><b><i><span lang=\"FR\">Je tiens \u00e0 remercier \u00e9galement Laurent Vicenty pour son aide et son implication durant cette p\u00e9riode \u00e0 nos c\u00f4t\u00e9s. De m\u00eame que l\u2019ensemble du bureau de la Section Paloise Escrime et tous ses b\u00e9n\u00e9voles.<\/span><\/i><\/b><\/p>\n<p class=\"yiv1116154630MsoNormal\"><b><i><span lang=\"FR\">\u00a0<\/span><\/i><\/b><\/p>\n<p class=\"yiv1116154630MsoNormal\"><b><i><span lang=\"FR\">Bien Sportivement<\/span><\/i><\/b><\/p>\n<p class=\"yiv1116154630MsoNormal\"><b><i><span lang=\"FR\">\u00a0<\/span><\/i><\/b><\/p>\n<p class=\"yiv1116154630MsoNormal\"><b><i><span lang=\"FR\">Benoit ALLIAS<\/span><\/i><\/b><\/p>\n<p class=\"yiv1116154630MsoNormal\"><b><i><span lang=\"FR\">Section Paloise Escrime<\/span><\/i><\/b><\/p>\n<p class=\"yiv1116154630MsoNormal\"><b><i><span lang=\"FR\">Pr\u00e9sident<\/span><\/i><\/b><\/p>\n","protected":false},"excerpt":{"rendered":"<p>Chers parents, chers licenci\u00e9s, \u00a0 C\u2019est avec une tr\u00e8s grande fiert\u00e9 que je suis heureux de vous annoncer la nomination officielle de notre Maitre d\u2019Armes Alain Coicaud en tant que Manager G\u00e9n\u00e9ral de l\u2019Equipe de France de Sabre masculin. \u00a0 Il sera associ\u00e9 avec un ancien du club Julien M\u00e9dard qui le secondera dans sa [&hellip;]<\/p>\n","protected":false},"author":7,"featured_media":25366,"comment_status":"closed","ping_status":"closed","sticky":false,"template":"","format":"standard","meta":{"footnotes":""},"categories":[1],"tags":[],"class_list":["post-25365","post","type-post","status-publish","format-standard","has-post-thumbnail","hentry","category-non-classe"],"_links":{"self":[{"href":"https:\/\/www.escrimepaloise.com\/wordpress\/wp-json\/wp\/v2\/posts\/25365","targetHints":{"allow":["GET"]}}],"collection":[{"href":"https:\/\/www.escrimepaloise.com\/wordpress\/wp-json\/wp\/v2\/posts"}],"about":[{"href":"https:\/\/www.escrimepaloise.com\/wordpress\/wp-json\/wp\/v2\/types\/post"}],"author":[{"embeddable":true,"href":"https:\/\/www.escrimepaloise.com\/wordpress\/wp-json\/wp\/v2\/users\/7"}],"replies":[{"embeddable":true,"href":"https:\/\/www.escrimepaloise.com\/wordpress\/wp-json\/wp\/v2\/comments?post=25365"}],"version-history":[{"count":1,"href":"https:\/\/www.escrimepaloise.com\/wordpress\/wp-json\/wp\/v2\/posts\/25365\/revisions"}],"predecessor-version":[{"id":25368,"href":"https:\/\/www.escrimepaloise.com\/wordpress\/wp-json\/wp\/v2\/posts\/25365\/revisions\/25368"}],"wp:featuredmedia":[{"embeddable":true,"href":"https:\/\/www.escrimepaloise.com\/wordpress\/wp-json\/wp\/v2\/media\/25366"}],"wp:attachment":[{"href":"https:\/\/www.escrimepaloise.com\/wordpress\/wp-json\/wp\/v2\/media?parent=25365"}],"wp:term":[{"taxonomy":"category","embeddable":true,"href":"https:\/\/www.escrimepaloise.com\/wordpress\/wp-json\/wp\/v2\/categories?post=25365"},{"taxonomy":"post_tag","embeddable":true,"href":"https:\/\/www.escrimepaloise.com\/wordpress\/wp-json\/wp\/v2\/tags?post=25365"}],"curies":[{"name":"wp","href":"https:\/\/api.w.org\/{rel}","templated":true}]}}