{"id":25490,"date":"2023-08-04T12:08:41","date_gmt":"2023-08-04T10:08:41","guid":{"rendered":"https:\/\/www.escrimepaloise.com\/wordpress\/?p=25490"},"modified":"2023-08-04T12:16:29","modified_gmt":"2023-08-04T10:16:29","slug":"samuel-jarry-en-bronze-aux-championnats-du-monde-universitaire-de-chengdu","status":"publish","type":"post","link":"https:\/\/www.escrimepaloise.com\/wordpress\/2023\/08\/04\/samuel-jarry-en-bronze-aux-championnats-du-monde-universitaire-de-chengdu\/","title":{"rendered":"Samuel JARRY en Bronze aux Championnats du Monde Universitaire de Chengdu"},"content":{"rendered":"<p class=\"yiv4818234648MsoNormal\"><span lang=\"FR\">On n\u2019arr\u00eate plus l\u2019ascension de Samuel Jarry en cette fin de saison et sa moisson de m\u00e9dailles.<\/span><\/p>\n<p class=\"yiv4818234648MsoNormal\"><span lang=\"FR\">Apr\u00e8s son r\u00e9cent titre de Vice-Champion de France U23, le sabreur de la Section Paloise Escrime vient tout simplement de r\u00e9aliser une performance majuscule en d\u00e9crochant la m\u00e9daille de bronze lors des championnats du Monde Universitaire de Chengdu en Chine. Fait assez rarissime au sabre fran\u00e7ais.<\/span><\/p>\n<p class=\"yiv4818234648MsoNormal\"><span lang=\"FR\">Sorti 20eme des poules, Samuel a su enchainer les tours \u00e0 \u00e9limination directe avec brio, en \u00e9cartant successivement l\u2019allemand Muller en T64, le Chinois Dai en T32, le Turque Kalender en T16 et enfin l\u2019Italien Arpino en quart de final.<\/span><\/p>\n<p class=\"yiv4818234648MsoNormal\"><span lang=\"FR\">Tr\u00e8s dominateur sur l\u2019ensemble de la journ\u00e9e, \u00a0Samuel n\u2019a malheureusement rien pu faire en demi-finale sur le Hongrois Horvath qui s\u2019inclinera \u00e0 son tour en finale sur le sud-cor\u00e9en Park Sangwon.<\/span><\/p>\n<p class=\"yiv4818234648MsoNormal\"><span lang=\"FR\">Il semble \u00e9vident quand le pensionnaire de l\u2019INSEP se trouve transcend\u00e9 depuis l\u2019arriv\u00e9e de son ancien Maitre d\u2019Armes Alain Coicaud \u00e0 la t\u00eate du sabre fran\u00e7ais.<\/span><\/p>\n<p class=\"yiv4818234648MsoNormal\"><span lang=\"FR\">Le voil\u00e0 avec une premi\u00e8re m\u00e9daille internationale en S\u00e9niors apr\u00e8s celle acquise aux mondiaux Juniors 2021 au Caire, et sa repr\u00e9sentation aux JO de la jeunesse en 2018. (cinqui\u00e8me)<\/span><\/p>\n<p class=\"yiv4818234648MsoNormal\"><span lang=\"FR\">La saison 2022-2023 se termine de la meilleure des fa\u00e7ons possibles pour le club \u00ab\u00a0Vert et Blanc\u00a0\u00bb et son pr\u00e9sident Beno\u00eet ALLIAS, en faisant briller Pau et l\u2019Escrime fran\u00e7aise une nouvelle fois.<\/span><\/p>\n<p class=\"yiv4818234648MsoNormal\"><span lang=\"FR\">\u00a0<\/span><\/p>\n","protected":false},"excerpt":{"rendered":"<p>On n\u2019arr\u00eate plus l\u2019ascension de Samuel Jarry en cette fin de saison et sa moisson de m\u00e9dailles. Apr\u00e8s son r\u00e9cent titre de Vice-Champion de France U23, le sabreur de la Section Paloise Escrime vient tout simplement de r\u00e9aliser une performance majuscule en d\u00e9crochant la m\u00e9daille de bronze lors des championnats du Monde Universitaire de Chengdu [&hellip;]<\/p>\n","protected":false},"author":7,"featured_media":25491,"comment_status":"closed","ping_status":"closed","sticky":false,"template":"","format":"standard","meta":{"jetpack_post_was_ever_published":false,"_jetpack_newsletter_access":"","_jetpack_dont_email_post_to_subs":false,"_jetpack_newsletter_tier_id":0,"_jetpack_memberships_contains_paywalled_content":false,"_jetpack_memberships_contains_paid_content":false,"footnotes":"","jetpack_publicize_message":"","jetpack_publicize_feature_enabled":true,"jetpack_social_post_already_shared":true,"jetpack_social_options":{"image_generator_settings":{"template":"highway","default_image_id":0,"font":"","enabled":false},"version":2}},"categories":[1],"tags":[],"class_list":["post-25490","post","type-post","status-publish","format-standard","has-post-thumbnail","hentry","category-non-classe"],"jetpack_publicize_connections":[],"jetpack_featured_media_url":"https:\/\/i0.wp.com\/www.escrimepaloise.com\/wordpress\/wp-content\/uploads\/2023\/08\/Sam-Monde-Universitaire-4-e1691143476408.jpg?fit=800%2C534&ssl=1","jetpack_sharing_enabled":true,"jetpack_shortlink":"https:\/\/wp.me\/p8aWQh-6D8","jetpack-related-posts":[{"id":26393,"url":"https:\/\/www.escrimepaloise.com\/wordpress\/2025\/04\/10\/sam-vice-champion-de-france-universitaire\/","url_meta":{"origin":25490,"position":0},"title":"Sam Vice Champion de France Universitaire","author":"Alain","date":"10 avril 2025","format":false,"excerpt":"Samuel Jarry a rat\u00e9 de peu le titre de Champion de France Universitaire en s'inclinant en finale sur Evan Girault sur le score de 15 \u00e0 10. A revoir certainement aux championnats du monde universitaire qui se d\u00e9rouleront cet \u00e9t\u00e9 en Chine. R\u00e9sultats","rel":"","context":"Dans &quot;Non class\u00e9&quot;","block_context":{"text":"Non class\u00e9","link":"https:\/\/www.escrimepaloise.com\/wordpress\/category\/non-classe\/"},"img":{"alt_text":"","src":"https:\/\/i0.wp.com\/www.escrimepaloise.com\/wordpress\/wp-content\/uploads\/2025\/04\/france-U.jpg?fit=800%2C611&ssl=1&resize=350%2C200","width":350,"height":200,"srcset":"https:\/\/i0.wp.com\/www.escrimepaloise.com\/wordpress\/wp-content\/uploads\/2025\/04\/france-U.jpg?fit=800%2C611&ssl=1&resize=350%2C200 1x, https:\/\/i0.wp.com\/www.escrimepaloise.com\/wordpress\/wp-content\/uploads\/2025\/04\/france-U.jpg?fit=800%2C611&ssl=1&resize=525%2C300 1.5x, https:\/\/i0.wp.com\/www.escrimepaloise.com\/wordpress\/wp-content\/uploads\/2025\/04\/france-U.jpg?fit=800%2C611&ssl=1&resize=700%2C400 2x"},"classes":[]},{"id":24461,"url":"https:\/\/www.escrimepaloise.com\/wordpress\/2021\/03\/29\/samuel-jarry-et-paco-boureau-selectionnes-aux-championnats-du-monde\/","url_meta":{"origin":25490,"position":1},"title":"Samuel Jarry et Paco Boureau s\u00e9lectionn\u00e9s aux championnats du Monde","author":"Alain","date":"29 mars 2021","format":false,"excerpt":"Samuel Jarry et Paco Boureau repr\u00e9senteront la France du 3 au 11 avril au Caire \u00e0 l'occasion des championnats du monde juniors. M\u00eame si aucune comp\u00e9tition s\u00e9lective a eu lieu depuis 1 an, ces s\u00e9lections concr\u00e9tisent le travail de formation r\u00e9alis\u00e9 par la Section Paloise. En cadet, Albin Guyonnaud, champion\u2026","rel":"","context":"Dans &quot;Non class\u00e9&quot;","block_context":{"text":"Non class\u00e9","link":"https:\/\/www.escrimepaloise.com\/wordpress\/category\/non-classe\/"},"img":{"alt_text":"","src":"https:\/\/i0.wp.com\/www.escrimepaloise.com\/wordpress\/wp-content\/uploads\/2021\/03\/sam-et-paco-aux-monde-21-scaled-e1617041778201.jpg?fit=800%2C600&ssl=1&resize=350%2C200","width":350,"height":200,"srcset":"https:\/\/i0.wp.com\/www.escrimepaloise.com\/wordpress\/wp-content\/uploads\/2021\/03\/sam-et-paco-aux-monde-21-scaled-e1617041778201.jpg?fit=800%2C600&ssl=1&resize=350%2C200 1x, https:\/\/i0.wp.com\/www.escrimepaloise.com\/wordpress\/wp-content\/uploads\/2021\/03\/sam-et-paco-aux-monde-21-scaled-e1617041778201.jpg?fit=800%2C600&ssl=1&resize=525%2C300 1.5x, https:\/\/i0.wp.com\/www.escrimepaloise.com\/wordpress\/wp-content\/uploads\/2021\/03\/sam-et-paco-aux-monde-21-scaled-e1617041778201.jpg?fit=800%2C600&ssl=1&resize=700%2C400 2x"},"classes":[]},{"id":13014,"url":"https:\/\/www.escrimepaloise.com\/wordpress\/2018\/02\/05\/1-2-finale-des-championnats-de-france-juniors-a-bourges-les-palois-en-bronze\/","url_meta":{"origin":25490,"position":2},"title":"1\/2 finale des championnats de France juniors \u00e0 Bourges. Les palois en bronze.","author":"Alain C.","date":"5 f\u00e9vrier 2018","format":false,"excerpt":"En l\u2019absence d\u2019Eliott Bibi retenu en s\u00e9lection en coupe du monde seniors \u00e0 Padoue, la Section Paloise a ch\u00e8rement vendu sa peau obtenant une bonne troisi\u00e8me place synonyme de qualification pour les finales qui auront lieu cette ann\u00e9e \u00e0 Besan\u00e7on au mois de mai. Victorieuse de ses 3 matchs de\u2026","rel":"","context":"Dans &quot;Non class\u00e9&quot;","block_context":{"text":"Non class\u00e9","link":"https:\/\/www.escrimepaloise.com\/wordpress\/category\/non-classe\/"},"img":{"alt_text":"","src":"https:\/\/i0.wp.com\/www.escrimepaloise.com\/wordpress\/wp-content\/uploads\/2018\/02\/IMG_3139-e1517833761932.jpg?fit=800%2C600&ssl=1&resize=350%2C200","width":350,"height":200,"srcset":"https:\/\/i0.wp.com\/www.escrimepaloise.com\/wordpress\/wp-content\/uploads\/2018\/02\/IMG_3139-e1517833761932.jpg?fit=800%2C600&ssl=1&resize=350%2C200 1x, https:\/\/i0.wp.com\/www.escrimepaloise.com\/wordpress\/wp-content\/uploads\/2018\/02\/IMG_3139-e1517833761932.jpg?fit=800%2C600&ssl=1&resize=525%2C300 1.5x, https:\/\/i0.wp.com\/www.escrimepaloise.com\/wordpress\/wp-content\/uploads\/2018\/02\/IMG_3139-e1517833761932.jpg?fit=800%2C600&ssl=1&resize=700%2C400 2x"},"classes":[]},{"id":13736,"url":"https:\/\/www.escrimepaloise.com\/wordpress\/2019\/03\/25\/2-nouveaux-podiums-pour-la-section\/","url_meta":{"origin":25490,"position":3},"title":"2 nouveaux podiums pour la section","author":"Alain C.","date":"25 mars 2019","format":false,"excerpt":"1\/2 finale championnats de France juniors En l'absence d'Eliott Bibi retenu en coupe du monde s\u00e9nior \u00e0 Budapest , se d\u00e9roulait parall\u00e8lement la 1\/2 finale des championnats de France juniors de sabre s\u00e9lective pour la\u00a0grande finale qui se d\u00e9roulera\u00a0chez nos voisins tarbais les 11 et 12 mai. La Section Paloise\u2026","rel":"","context":"Dans &quot;Non class\u00e9&quot;","block_context":{"text":"Non class\u00e9","link":"https:\/\/www.escrimepaloise.com\/wordpress\/category\/non-classe\/"},"img":{"alt_text":"","src":"https:\/\/i0.wp.com\/www.escrimepaloise.com\/wordpress\/wp-content\/uploads\/2019\/03\/IMG_1760-e1553532403504.jpg?fit=600%2C800&ssl=1&resize=350%2C200","width":350,"height":200,"srcset":"https:\/\/i0.wp.com\/www.escrimepaloise.com\/wordpress\/wp-content\/uploads\/2019\/03\/IMG_1760-e1553532403504.jpg?fit=600%2C800&ssl=1&resize=350%2C200 1x, https:\/\/i0.wp.com\/www.escrimepaloise.com\/wordpress\/wp-content\/uploads\/2019\/03\/IMG_1760-e1553532403504.jpg?fit=600%2C800&ssl=1&resize=525%2C300 1.5x"},"classes":[]},{"id":13355,"url":"https:\/\/www.escrimepaloise.com\/wordpress\/2018\/10\/08\/samuel-jarry-rate-le-coche\/","url_meta":{"origin":25490,"position":4},"title":"Samuel Jarry rate le coche","author":"Alain C.","date":"8 octobre 2018","format":false,"excerpt":"Jeux Olympiques de la Jeunesse Des regrets pour Samuel Jarry aux Jeux Olympiques de la Jeunesse qui se d\u00e9roulent en ce moment \u00e0 Buenos Aires. En effet, Sam qui avait gagn\u00e9 ses 7 matchs qualificatifs et qui \u00e9tait sorti num\u00e9ro 1 \u00e0 la fin des phases qualificatives a \u00e9chou\u00e9 d'un\u2026","rel":"","context":"Dans &quot;Non class\u00e9&quot;","block_context":{"text":"Non class\u00e9","link":"https:\/\/www.escrimepaloise.com\/wordpress\/category\/non-classe\/"},"img":{"alt_text":"","src":"https:\/\/i0.wp.com\/www.escrimepaloise.com\/wordpress\/wp-content\/uploads\/2018\/10\/IMG_0750-e1539021029110.jpg?fit=800%2C971&ssl=1&resize=350%2C200","width":350,"height":200,"srcset":"https:\/\/i0.wp.com\/www.escrimepaloise.com\/wordpress\/wp-content\/uploads\/2018\/10\/IMG_0750-e1539021029110.jpg?fit=800%2C971&ssl=1&resize=350%2C200 1x, https:\/\/i0.wp.com\/www.escrimepaloise.com\/wordpress\/wp-content\/uploads\/2018\/10\/IMG_0750-e1539021029110.jpg?fit=800%2C971&ssl=1&resize=525%2C300 1.5x, https:\/\/i0.wp.com\/www.escrimepaloise.com\/wordpress\/wp-content\/uploads\/2018\/10\/IMG_0750-e1539021029110.jpg?fit=800%2C971&ssl=1&resize=700%2C400 2x"},"classes":[]},{"id":13061,"url":"https:\/\/www.escrimepaloise.com\/wordpress\/2018\/03\/11\/eliott-bibi-champion-deurope\/","url_meta":{"origin":25490,"position":5},"title":"Eliott BIBI champion d&rsquo;Europe","author":"Alain C.","date":"11 mars 2018","format":false,"excerpt":"Ce samedi \u00e0 Sotchi, Eliott Bibi est devenu champion d'Europe par \u00e9quipe au sabre juniors\u00a0avec l'\u00e9quipe de France en dominant sur ses terres le g\u00e9ant russe avec 3 des meilleurs sabreurs mondiaux\u00a0 frisant ou d\u00e9passant les 2 m\u00e8tres. Eliott a \u00e9t\u00e9 imp\u00e9rial toute la journ\u00e9e remportant ses 12 matchs, tout\u2026","rel":"","context":"Dans &quot;Non class\u00e9&quot;","block_context":{"text":"Non class\u00e9","link":"https:\/\/www.escrimepaloise.com\/wordpress\/category\/non-classe\/"},"img":{"alt_text":"","src":"https:\/\/i0.wp.com\/www.escrimepaloise.com\/wordpress\/wp-content\/uploads\/2018\/03\/ch-europe-1.jpg?fit=572%2C984&ssl=1&resize=350%2C200","width":350,"height":200,"srcset":"https:\/\/i0.wp.com\/www.escrimepaloise.com\/wordpress\/wp-content\/uploads\/2018\/03\/ch-europe-1.jpg?fit=572%2C984&ssl=1&resize=350%2C200 1x, https:\/\/i0.wp.com\/www.escrimepaloise.com\/wordpress\/wp-content\/uploads\/2018\/03\/ch-europe-1.jpg?fit=572%2C984&ssl=1&resize=525%2C300 1.5x"},"classes":[]}],"_links":{"self":[{"href":"https:\/\/www.escrimepaloise.com\/wordpress\/wp-json\/wp\/v2\/posts\/25490","targetHints":{"allow":["GET"]}}],"collection":[{"href":"https:\/\/www.escrimepaloise.com\/wordpress\/wp-json\/wp\/v2\/posts"}],"about":[{"href":"https:\/\/www.escrimepaloise.com\/wordpress\/wp-json\/wp\/v2\/types\/post"}],"author":[{"embeddable":true,"href":"https:\/\/www.escrimepaloise.com\/wordpress\/wp-json\/wp\/v2\/users\/7"}],"replies":[{"embeddable":true,"href":"https:\/\/www.escrimepaloise.com\/wordpress\/wp-json\/wp\/v2\/comments?post=25490"}],"version-history":[{"count":1,"href":"https:\/\/www.escrimepaloise.com\/wordpress\/wp-json\/wp\/v2\/posts\/25490\/revisions"}],"predecessor-version":[{"id":25496,"href":"https:\/\/www.escrimepaloise.com\/wordpress\/wp-json\/wp\/v2\/posts\/25490\/revisions\/25496"}],"wp:featuredmedia":[{"embeddable":true,"href":"https:\/\/www.escrimepaloise.com\/wordpress\/wp-json\/wp\/v2\/media\/25491"}],"wp:attachment":[{"href":"https:\/\/www.escrimepaloise.com\/wordpress\/wp-json\/wp\/v2\/media?parent=25490"}],"wp:term":[{"taxonomy":"category","embeddable":true,"href":"https:\/\/www.escrimepaloise.com\/wordpress\/wp-json\/wp\/v2\/categories?post=25490"},{"taxonomy":"post_tag","embeddable":true,"href":"https:\/\/www.escrimepaloise.com\/wordpress\/wp-json\/wp\/v2\/tags?post=25490"}],"curies":[{"name":"wp","href":"https:\/\/api.w.org\/{rel}","templated":true}]}}