{"id":25807,"date":"2024-04-07T19:44:17","date_gmt":"2024-04-07T17:44:17","guid":{"rendered":"https:\/\/www.escrimepaloise.com\/wordpress\/?p=25807"},"modified":"2024-04-07T19:44:17","modified_gmt":"2024-04-07T17:44:17","slug":"samuel-jarry-3eme-a-san-sebastien","status":"publish","type":"post","link":"https:\/\/www.escrimepaloise.com\/wordpress\/2024\/04\/07\/samuel-jarry-3eme-a-san-sebastien\/","title":{"rendered":"Samuel Jarry 3\u00e8me \u00e0 San S\u00e9bastien"},"content":{"rendered":"<p>Ce week-end se d\u00e9roulait le circuit national \u00e0 San S\u00e9bastien et la d\u00e9l\u00e9gation fran\u00e7aise a particuli\u00e8rement brill\u00e9 car\u00a0 elle rafle les 3 premi\u00e8res places du podium. Notre sectionniste Samuel Jarry se classe troisi\u00e8me en r\u00e9alisant un tournoi s\u00e9rieux, de bonne augure avant les championnats de France par \u00e9quipes qui se d\u00e9rouleront le week-end prochain \u00e0 Roubaix.<\/p>\n<p><a href=\"https:\/\/engarde-service.com\/competition\/rfee\/sable_ss\/sma_ind\">R\u00e9sultats<\/a><\/p>\n","protected":false},"excerpt":{"rendered":"<p>Ce week-end se d\u00e9roulait le circuit national \u00e0 San S\u00e9bastien et la d\u00e9l\u00e9gation fran\u00e7aise a particuli\u00e8rement brill\u00e9 car\u00a0 elle rafle les 3 premi\u00e8res places du podium. Notre sectionniste Samuel Jarry se classe troisi\u00e8me en r\u00e9alisant un tournoi s\u00e9rieux, de bonne augure avant les championnats de France par \u00e9quipes qui se d\u00e9rouleront le week-end prochain \u00e0 [&hellip;]<\/p>\n","protected":false},"author":7,"featured_media":25808,"comment_status":"closed","ping_status":"closed","sticky":false,"template":"","format":"standard","meta":{"jetpack_post_was_ever_published":false,"_jetpack_newsletter_access":"","_jetpack_dont_email_post_to_subs":false,"_jetpack_newsletter_tier_id":0,"_jetpack_memberships_contains_paywalled_content":false,"_jetpack_memberships_contains_paid_content":false,"footnotes":"","jetpack_publicize_message":"","jetpack_publicize_feature_enabled":true,"jetpack_social_post_already_shared":true,"jetpack_social_options":{"image_generator_settings":{"template":"highway","default_image_id":0,"font":"","enabled":false},"version":2}},"categories":[1],"tags":[],"class_list":["post-25807","post","type-post","status-publish","format-standard","has-post-thumbnail","hentry","category-non-classe"],"jetpack_publicize_connections":[],"jetpack_featured_media_url":"https:\/\/i0.wp.com\/www.escrimepaloise.com\/wordpress\/wp-content\/uploads\/2024\/04\/San-Seb-1-e1712511301668.jpg?fit=800%2C599&ssl=1","jetpack_sharing_enabled":true,"jetpack_shortlink":"https:\/\/wp.me\/p8aWQh-6If","jetpack-related-posts":[{"id":13756,"url":"https:\/\/www.escrimepaloise.com\/wordpress\/2019\/03\/31\/les-palois-en-force-a-san-sebastien\/","url_meta":{"origin":25807,"position":0},"title":"Les palois en force \u00e0 San S\u00e9bastien","author":"Alain C.","date":"31 mars 2019","format":false,"excerpt":"Tr\u00e8s belle performance d'ensemble des sabreurs de\u00a0la section paloise escrime au circuit national s\u00e9niors espagnol de San S\u00e9bastien. Paco Boureau prend une magnifique 3\u00e8me place apr\u00e8s avoir battu le revenant Marti, champion d'Europe de sabre en 2011. En demi-finale il \u00e9choue d'une touche sur le futur vaiqueur, le madril\u00e8ne Ignaki\u2026","rel":"","context":"Dans &quot;Non class\u00e9&quot;","block_context":{"text":"Non class\u00e9","link":"https:\/\/www.escrimepaloise.com\/wordpress\/category\/non-classe\/"},"img":{"alt_text":"","src":"https:\/\/i0.wp.com\/www.escrimepaloise.com\/wordpress\/wp-content\/uploads\/2019\/03\/IMG_1826-e1554050609989.jpg?fit=800%2C854&ssl=1&resize=350%2C200","width":350,"height":200,"srcset":"https:\/\/i0.wp.com\/www.escrimepaloise.com\/wordpress\/wp-content\/uploads\/2019\/03\/IMG_1826-e1554050609989.jpg?fit=800%2C854&ssl=1&resize=350%2C200 1x, https:\/\/i0.wp.com\/www.escrimepaloise.com\/wordpress\/wp-content\/uploads\/2019\/03\/IMG_1826-e1554050609989.jpg?fit=800%2C854&ssl=1&resize=525%2C300 1.5x, https:\/\/i0.wp.com\/www.escrimepaloise.com\/wordpress\/wp-content\/uploads\/2019\/03\/IMG_1826-e1554050609989.jpg?fit=800%2C854&ssl=1&resize=700%2C400 2x"},"classes":[]},{"id":13157,"url":"https:\/\/www.escrimepaloise.com\/wordpress\/2018\/05\/06\/la-section-en-reconstruction\/","url_meta":{"origin":25807,"position":1},"title":"La section en reconstruction.","author":"spescrime","date":"6 mai 2018","format":false,"excerpt":"Ce week-end se d\u00e9roulait \u00e0 Charleville Mezieres les championnats de France seniors au sabre. Avec une \u00e9quipe tr\u00e8s rajeunie suite \u00e0 l\u2019arr\u00eat de Romain Miramon et \u00e0 l\u2019abscence d\u2019Alban Berges retenu pour ses \u00e9tudes, la section paloise escrime a ch\u00e8rement d\u00e9fendu sa peau en obtenant une bonne cinqui\u00e8me place dans\u2026","rel":"","context":"Dans &quot;Non class\u00e9&quot;","block_context":{"text":"Non class\u00e9","link":"https:\/\/www.escrimepaloise.com\/wordpress\/category\/non-classe\/"},"img":{"alt_text":"","src":"https:\/\/i0.wp.com\/www.escrimepaloise.com\/wordpress\/wp-content\/uploads\/2018\/05\/IMG_0097.jpg?fit=1200%2C900&ssl=1&resize=350%2C200","width":350,"height":200,"srcset":"https:\/\/i0.wp.com\/www.escrimepaloise.com\/wordpress\/wp-content\/uploads\/2018\/05\/IMG_0097.jpg?fit=1200%2C900&ssl=1&resize=350%2C200 1x, https:\/\/i0.wp.com\/www.escrimepaloise.com\/wordpress\/wp-content\/uploads\/2018\/05\/IMG_0097.jpg?fit=1200%2C900&ssl=1&resize=525%2C300 1.5x, https:\/\/i0.wp.com\/www.escrimepaloise.com\/wordpress\/wp-content\/uploads\/2018\/05\/IMG_0097.jpg?fit=1200%2C900&ssl=1&resize=700%2C400 2x, https:\/\/i0.wp.com\/www.escrimepaloise.com\/wordpress\/wp-content\/uploads\/2018\/05\/IMG_0097.jpg?fit=1200%2C900&ssl=1&resize=1050%2C600 3x"},"classes":[]},{"id":26131,"url":"https:\/\/www.escrimepaloise.com\/wordpress\/2024\/12\/01\/la-section-se-taille-la-part-du-lion\/","url_meta":{"origin":25807,"position":2},"title":"La Section se taille la part du lion","author":"Alain","date":"1 d\u00e9cembre 2024","format":false,"excerpt":"Ce we-end avait lieu au H\u00e9das le traditionnel tournoi transfrontalier de la Ville de Pau regroupant cette ann\u00e9e 262 escrimeurs venus des 4 coins du grand Sud Ouest mais aussi d'Espagne avec la participation des club espagnols de Madrid, San S\u00e9bastien, Barcelone, Huesca et Lezoko. Gr\u00e2ce \u00e0 8 titres sur\u2026","rel":"","context":"Dans &quot;Non class\u00e9&quot;","block_context":{"text":"Non class\u00e9","link":"https:\/\/www.escrimepaloise.com\/wordpress\/category\/non-classe\/"},"img":{"alt_text":"","src":"https:\/\/i0.wp.com\/www.escrimepaloise.com\/wordpress\/wp-content\/uploads\/2024\/12\/transfrontalier-1.jpg?fit=640%2C318&ssl=1&resize=350%2C200","width":350,"height":200,"srcset":"https:\/\/i0.wp.com\/www.escrimepaloise.com\/wordpress\/wp-content\/uploads\/2024\/12\/transfrontalier-1.jpg?fit=640%2C318&ssl=1&resize=350%2C200 1x, https:\/\/i0.wp.com\/www.escrimepaloise.com\/wordpress\/wp-content\/uploads\/2024\/12\/transfrontalier-1.jpg?fit=640%2C318&ssl=1&resize=525%2C300 1.5x"},"classes":[]},{"id":13355,"url":"https:\/\/www.escrimepaloise.com\/wordpress\/2018\/10\/08\/samuel-jarry-rate-le-coche\/","url_meta":{"origin":25807,"position":3},"title":"Samuel Jarry rate le coche","author":"Alain C.","date":"8 octobre 2018","format":false,"excerpt":"Jeux Olympiques de la Jeunesse Des regrets pour Samuel Jarry aux Jeux Olympiques de la Jeunesse qui se d\u00e9roulent en ce moment \u00e0 Buenos Aires. En effet, Sam qui avait gagn\u00e9 ses 7 matchs qualificatifs et qui \u00e9tait sorti num\u00e9ro 1 \u00e0 la fin des phases qualificatives a \u00e9chou\u00e9 d'un\u2026","rel":"","context":"Dans &quot;Non class\u00e9&quot;","block_context":{"text":"Non class\u00e9","link":"https:\/\/www.escrimepaloise.com\/wordpress\/category\/non-classe\/"},"img":{"alt_text":"","src":"https:\/\/i0.wp.com\/www.escrimepaloise.com\/wordpress\/wp-content\/uploads\/2018\/10\/IMG_0750-e1539021029110.jpg?fit=800%2C971&ssl=1&resize=350%2C200","width":350,"height":200,"srcset":"https:\/\/i0.wp.com\/www.escrimepaloise.com\/wordpress\/wp-content\/uploads\/2018\/10\/IMG_0750-e1539021029110.jpg?fit=800%2C971&ssl=1&resize=350%2C200 1x, https:\/\/i0.wp.com\/www.escrimepaloise.com\/wordpress\/wp-content\/uploads\/2018\/10\/IMG_0750-e1539021029110.jpg?fit=800%2C971&ssl=1&resize=525%2C300 1.5x, https:\/\/i0.wp.com\/www.escrimepaloise.com\/wordpress\/wp-content\/uploads\/2018\/10\/IMG_0750-e1539021029110.jpg?fit=800%2C971&ssl=1&resize=700%2C400 2x"},"classes":[]},{"id":13898,"url":"https:\/\/www.escrimepaloise.com\/wordpress\/2019\/05\/20\/les-juniors-vice-champion-de-france\/","url_meta":{"origin":25807,"position":4},"title":"Les juniors vice-champion de France","author":"Alain C.","date":"20 mai 2019","format":false,"excerpt":"Championnats de France Juniors-Tarbes En l'absence d'Eliott Bibi, insuffisamment remis d'une blessure au genou, les sabreurs de la Section Paloise se sont surpass\u00e9s pour obtenir une tr\u00e8s belle m\u00e9daille d'argent s'inclinant en finale 45 \u00e0 42 sur le pole France de Tarbes. F\u00e9licitations \u00e0 Paco Boureau, Alex Andreone et Samuel\u2026","rel":"","context":"Dans &quot;Non class\u00e9&quot;","block_context":{"text":"Non class\u00e9","link":"https:\/\/www.escrimepaloise.com\/wordpress\/category\/non-classe\/"},"img":{"alt_text":"","src":"https:\/\/i0.wp.com\/www.escrimepaloise.com\/wordpress\/wp-content\/uploads\/2019\/05\/IMG_2176-e1558338734376.jpg?fit=800%2C450&ssl=1&resize=350%2C200","width":350,"height":200,"srcset":"https:\/\/i0.wp.com\/www.escrimepaloise.com\/wordpress\/wp-content\/uploads\/2019\/05\/IMG_2176-e1558338734376.jpg?fit=800%2C450&ssl=1&resize=350%2C200 1x, https:\/\/i0.wp.com\/www.escrimepaloise.com\/wordpress\/wp-content\/uploads\/2019\/05\/IMG_2176-e1558338734376.jpg?fit=800%2C450&ssl=1&resize=525%2C300 1.5x, https:\/\/i0.wp.com\/www.escrimepaloise.com\/wordpress\/wp-content\/uploads\/2019\/05\/IMG_2176-e1558338734376.jpg?fit=800%2C450&ssl=1&resize=700%2C400 2x"},"classes":[]},{"id":25490,"url":"https:\/\/www.escrimepaloise.com\/wordpress\/2023\/08\/04\/samuel-jarry-en-bronze-aux-championnats-du-monde-universitaire-de-chengdu\/","url_meta":{"origin":25807,"position":5},"title":"Samuel JARRY en Bronze aux Championnats du Monde Universitaire de Chengdu","author":"Alain","date":"4 ao\u00fbt 2023","format":false,"excerpt":"On n\u2019arr\u00eate plus l\u2019ascension de Samuel Jarry en cette fin de saison et sa moisson de m\u00e9dailles. Apr\u00e8s son r\u00e9cent titre de Vice-Champion de France U23, le sabreur de la Section Paloise Escrime vient tout simplement de r\u00e9aliser une performance majuscule en d\u00e9crochant la m\u00e9daille de bronze lors des championnats\u2026","rel":"","context":"Dans &quot;Non class\u00e9&quot;","block_context":{"text":"Non class\u00e9","link":"https:\/\/www.escrimepaloise.com\/wordpress\/category\/non-classe\/"},"img":{"alt_text":"","src":"https:\/\/i0.wp.com\/www.escrimepaloise.com\/wordpress\/wp-content\/uploads\/2023\/08\/Sam-Monde-Universitaire-4-e1691143476408.jpg?fit=800%2C534&ssl=1&resize=350%2C200","width":350,"height":200,"srcset":"https:\/\/i0.wp.com\/www.escrimepaloise.com\/wordpress\/wp-content\/uploads\/2023\/08\/Sam-Monde-Universitaire-4-e1691143476408.jpg?fit=800%2C534&ssl=1&resize=350%2C200 1x, https:\/\/i0.wp.com\/www.escrimepaloise.com\/wordpress\/wp-content\/uploads\/2023\/08\/Sam-Monde-Universitaire-4-e1691143476408.jpg?fit=800%2C534&ssl=1&resize=525%2C300 1.5x, https:\/\/i0.wp.com\/www.escrimepaloise.com\/wordpress\/wp-content\/uploads\/2023\/08\/Sam-Monde-Universitaire-4-e1691143476408.jpg?fit=800%2C534&ssl=1&resize=700%2C400 2x"},"classes":[]}],"_links":{"self":[{"href":"https:\/\/www.escrimepaloise.com\/wordpress\/wp-json\/wp\/v2\/posts\/25807","targetHints":{"allow":["GET"]}}],"collection":[{"href":"https:\/\/www.escrimepaloise.com\/wordpress\/wp-json\/wp\/v2\/posts"}],"about":[{"href":"https:\/\/www.escrimepaloise.com\/wordpress\/wp-json\/wp\/v2\/types\/post"}],"author":[{"embeddable":true,"href":"https:\/\/www.escrimepaloise.com\/wordpress\/wp-json\/wp\/v2\/users\/7"}],"replies":[{"embeddable":true,"href":"https:\/\/www.escrimepaloise.com\/wordpress\/wp-json\/wp\/v2\/comments?post=25807"}],"version-history":[{"count":1,"href":"https:\/\/www.escrimepaloise.com\/wordpress\/wp-json\/wp\/v2\/posts\/25807\/revisions"}],"predecessor-version":[{"id":25812,"href":"https:\/\/www.escrimepaloise.com\/wordpress\/wp-json\/wp\/v2\/posts\/25807\/revisions\/25812"}],"wp:featuredmedia":[{"embeddable":true,"href":"https:\/\/www.escrimepaloise.com\/wordpress\/wp-json\/wp\/v2\/media\/25808"}],"wp:attachment":[{"href":"https:\/\/www.escrimepaloise.com\/wordpress\/wp-json\/wp\/v2\/media?parent=25807"}],"wp:term":[{"taxonomy":"category","embeddable":true,"href":"https:\/\/www.escrimepaloise.com\/wordpress\/wp-json\/wp\/v2\/categories?post=25807"},{"taxonomy":"post_tag","embeddable":true,"href":"https:\/\/www.escrimepaloise.com\/wordpress\/wp-json\/wp\/v2\/tags?post=25807"}],"curies":[{"name":"wp","href":"https:\/\/api.w.org\/{rel}","templated":true}]}}