{"id":25814,"date":"2024-04-19T11:28:15","date_gmt":"2024-04-19T09:28:15","guid":{"rendered":"https:\/\/www.escrimepaloise.com\/wordpress\/?p=25814"},"modified":"2024-04-19T11:33:39","modified_gmt":"2024-04-19T09:33:39","slug":"championnats-de-france-n1-sabre-seniors-par-equipe-roubaix","status":"publish","type":"post","link":"https:\/\/www.escrimepaloise.com\/wordpress\/2024\/04\/19\/championnats-de-france-n1-sabre-seniors-par-equipe-roubaix\/","title":{"rendered":"Championnats de France N1 sabre seniors par \u00e9quipe-Roubaix"},"content":{"rendered":"<div dir=\"ltr\">\u00a0:<\/div>\n<div dir=\"ltr\">Ce week-end avait lieu loin de nos terres b\u00e9arnaises \u00e0 Roubaix les championnats de France sabre \u00ab\u00a0Elite\u00a0\u00bb r\u00e9unissant les 12 meilleures \u00e9quipes fran\u00e7aises.<\/div>\n<div dir=\"ltr\">La journ\u00e9e a commenc\u00e9 par une victoire sur le CAM Bordeaux, 45 \u00e0 21. En quart de finale, la section paloise a domin\u00e9 45 \u00e0 36\u00a0 les exp\u00e9riment\u00e9s num\u00e9ro 3 du tableau\u00a0 Jou\u00e9-l\u00e8s-Tours. Une demi-finale remport\u00e9e de haute vol\u00e9e sur Soufflel 45 \u00e0 40 avec\u00a0 ses 2 internationaux fran\u00e7ais, Tom Seitz et Maxence Lambert. En finale, la section s&rsquo;incline 45 \u00e0 34 sur Orl\u00e9ans o\u00f9 figurent Bolade Apithy et S\u00e9bastien Patrice, respectivement 9\u00e8me et 11\u00e8me mondiaux. Au contact tout le match jusqu&rsquo;\u00e0 35, la Section a craqu\u00e9 dans les 2 derniers relais.<\/div>\n<div dir=\"ltr\">Bravo \u00e0 Eliott, Samuel, Paco et Fran\u00e7ois, tous \u00e2g\u00e9s de moins de 24 ans, pour cette tr\u00e8s belle m\u00e9daille d&rsquo;argent qui vient r\u00e9compenser le travail de formation vert et blanc. A noter que la Section est le seul club du podium avec des escrimeurs form\u00e9s au club, ce dont peut s&rsquo;enorgueillir notre Pr\u00e9sident Benoit Allias ainsi que tout le staff technique.<\/div>\n<div dir=\"ltr\"><a href=\"https:\/\/engarde-service.com\/competition\/roubaix\/roubaix\/roubaixshind2024\">R\u00e9sultats Individuels<\/a><\/div>\n<div dir=\"ltr\"><a href=\"https:\/\/engarde-service.com\/competition\/roubaix\/roubaix\/roubaixsheqn1\">R\u00e9sultats Equipe<\/a><\/div>\n","protected":false},"excerpt":{"rendered":"<p>\u00a0: Ce week-end avait lieu loin de nos terres b\u00e9arnaises \u00e0 Roubaix les championnats de France sabre \u00ab\u00a0Elite\u00a0\u00bb r\u00e9unissant les 12 meilleures \u00e9quipes fran\u00e7aises. La journ\u00e9e a commenc\u00e9 par une victoire sur le CAM Bordeaux, 45 \u00e0 21. En quart de finale, la section paloise a domin\u00e9 45 \u00e0 36\u00a0 les exp\u00e9riment\u00e9s num\u00e9ro 3 du [&hellip;]<\/p>\n","protected":false},"author":7,"featured_media":25815,"comment_status":"closed","ping_status":"closed","sticky":false,"template":"","format":"standard","meta":{"jetpack_post_was_ever_published":false,"_jetpack_newsletter_access":"","_jetpack_dont_email_post_to_subs":false,"_jetpack_newsletter_tier_id":0,"_jetpack_memberships_contains_paywalled_content":false,"_jetpack_memberships_contains_paid_content":false,"footnotes":"","jetpack_publicize_message":"","jetpack_publicize_feature_enabled":true,"jetpack_social_post_already_shared":true,"jetpack_social_options":{"image_generator_settings":{"template":"highway","default_image_id":0,"font":"","enabled":false},"version":2}},"categories":[1],"tags":[],"class_list":["post-25814","post","type-post","status-publish","format-standard","has-post-thumbnail","hentry","category-non-classe"],"jetpack_publicize_connections":[],"jetpack_featured_media_url":"https:\/\/i0.wp.com\/www.escrimepaloise.com\/wordpress\/wp-content\/uploads\/2024\/04\/Roubaix-1-e1713518577880.jpg?fit=800%2C600&ssl=1","jetpack_sharing_enabled":true,"jetpack_shortlink":"https:\/\/wp.me\/p8aWQh-6Im","jetpack-related-posts":[{"id":24486,"url":"https:\/\/www.escrimepaloise.com\/wordpress\/2021\/06\/29\/championnats-de-france-m17-de-sabre-au-jai-lai-2-titres-en-d1-pour-les-palois\/","url_meta":{"origin":25814,"position":0},"title":"Championnats de France M17 de sabre au Jai Lai. \u00a0\u00a0\u00a0\u00a0\u00a0\u00a0\u00a02 titres en D1 pour les palois. \u00a0","author":"Alain","date":"29 juin 2021","format":false,"excerpt":"Ce week-end avait lieu \u00e0 Pau les championnats de France M17, premier grand \u00e9v\u00e9nement post covid en escrime. La Section Paloise a une fois de plus jou\u00e9 les premiers r\u00f4les en obtenant 2 des 4 titres mis en jeu gr\u00e2ce \u00e0 Albin Guyonnaud et \u00e0 l\u2019\u00e9quipe fille. Le samedi dans\u2026","rel":"","context":"Dans &quot;Non class\u00e9&quot;","block_context":{"text":"Non class\u00e9","link":"https:\/\/www.escrimepaloise.com\/wordpress\/category\/non-classe\/"},"img":{"alt_text":"","src":"https:\/\/i0.wp.com\/www.escrimepaloise.com\/wordpress\/wp-content\/uploads\/2021\/06\/IMG_20210619_180642-e1625000794186.jpg?fit=800%2C600&ssl=1&resize=350%2C200","width":350,"height":200,"srcset":"https:\/\/i0.wp.com\/www.escrimepaloise.com\/wordpress\/wp-content\/uploads\/2021\/06\/IMG_20210619_180642-e1625000794186.jpg?fit=800%2C600&ssl=1&resize=350%2C200 1x, https:\/\/i0.wp.com\/www.escrimepaloise.com\/wordpress\/wp-content\/uploads\/2021\/06\/IMG_20210619_180642-e1625000794186.jpg?fit=800%2C600&ssl=1&resize=525%2C300 1.5x, https:\/\/i0.wp.com\/www.escrimepaloise.com\/wordpress\/wp-content\/uploads\/2021\/06\/IMG_20210619_180642-e1625000794186.jpg?fit=800%2C600&ssl=1&resize=700%2C400 2x"},"classes":[]},{"id":27091,"url":"https:\/\/www.escrimepaloise.com\/wordpress\/2026\/03\/24\/les-juniors-garcons-medailles-dargent-a-brest\/","url_meta":{"origin":25814,"position":1},"title":"Les juniors gar\u00e7ons m\u00e9daill\u00e9s d&rsquo;argent \u00e0 Brest","author":"Alain","date":"24 mars 2026","format":false,"excerpt":"C'est \u00e0 Brest que nos escrimeurs avaient rdv le week-end dernier \u00e0 l'occasion de la demi-finale des championnats de France de sabre M20. L'\u00e9quipe emmen\u00e9e par Tom Couderc et compos\u00e9e de No\u00e9 Gnaba, Rodrigue Berardini et Hugo Bajracharya finit \u00e0 la deuxi\u00e8me place de la comp\u00e9tition apr\u00e8s avoir domin\u00e9 Strasbourg,\u2026","rel":"","context":"Dans &quot;Non class\u00e9&quot;","block_context":{"text":"Non class\u00e9","link":"https:\/\/www.escrimepaloise.com\/wordpress\/category\/non-classe\/"},"img":{"alt_text":"","src":"https:\/\/i0.wp.com\/www.escrimepaloise.com\/wordpress\/wp-content\/uploads\/2026\/03\/brest-4-e1774388527817.jpg?fit=800%2C600&ssl=1&resize=350%2C200","width":350,"height":200,"srcset":"https:\/\/i0.wp.com\/www.escrimepaloise.com\/wordpress\/wp-content\/uploads\/2026\/03\/brest-4-e1774388527817.jpg?fit=800%2C600&ssl=1&resize=350%2C200 1x, https:\/\/i0.wp.com\/www.escrimepaloise.com\/wordpress\/wp-content\/uploads\/2026\/03\/brest-4-e1774388527817.jpg?fit=800%2C600&ssl=1&resize=525%2C300 1.5x, https:\/\/i0.wp.com\/www.escrimepaloise.com\/wordpress\/wp-content\/uploads\/2026\/03\/brest-4-e1774388527817.jpg?fit=800%2C600&ssl=1&resize=700%2C400 2x"},"classes":[]},{"id":26504,"url":"https:\/\/www.escrimepaloise.com\/wordpress\/2025\/05\/13\/championnats-de-france-m17-1-titre-a-lepee-de-largent-au-sabre\/","url_meta":{"origin":25814,"position":2},"title":"Championnats de France M17 : 1 titre \u00e0 l&rsquo;\u00e9p\u00e9e, de l&rsquo;argent au sabre","author":"Alain","date":"13 mai 2025","format":false,"excerpt":"Quel week-end pour les escrimeurs de la Section Paloise !! Avec en premier lieu ce titre de Champion de France M17 \u00e0 l'\u00e9p\u00e9e obtenu \u00e0 Arras par notre prodige Hiroaki Toto qui a domin\u00e9 tous les t\u00e9nors de sa cat\u00e9gorie. En progression sur toutes les comp\u00e9titions auxquelles il a particip\u00e9,\u2026","rel":"","context":"Dans &quot;Non class\u00e9&quot;","block_context":{"text":"Non class\u00e9","link":"https:\/\/www.escrimepaloise.com\/wordpress\/category\/non-classe\/"},"img":{"alt_text":"","src":"https:\/\/i0.wp.com\/www.escrimepaloise.com\/wordpress\/wp-content\/uploads\/2025\/05\/toto-arras-e1747166419989.jpg?fit=800%2C450&ssl=1&resize=350%2C200","width":350,"height":200,"srcset":"https:\/\/i0.wp.com\/www.escrimepaloise.com\/wordpress\/wp-content\/uploads\/2025\/05\/toto-arras-e1747166419989.jpg?fit=800%2C450&ssl=1&resize=350%2C200 1x, https:\/\/i0.wp.com\/www.escrimepaloise.com\/wordpress\/wp-content\/uploads\/2025\/05\/toto-arras-e1747166419989.jpg?fit=800%2C450&ssl=1&resize=525%2C300 1.5x, https:\/\/i0.wp.com\/www.escrimepaloise.com\/wordpress\/wp-content\/uploads\/2025\/05\/toto-arras-e1747166419989.jpg?fit=800%2C450&ssl=1&resize=700%2C400 2x"},"classes":[]},{"id":13144,"url":"https:\/\/www.escrimepaloise.com\/wordpress\/2018\/04\/25\/1-2-finale-championnat-de-france-seniors-par-equipe-les-palois-4eme-a-roubaix\/","url_meta":{"origin":25814,"position":3},"title":"1\/2 Finale &#8211; Championnat de France Seniors par \u00e9quipe &#8211; Les palois 4\u00e8me \u00e0 Roubaix","author":"Alain C.","date":"25 avril 2018","format":false,"excerpt":"Ce week-end avait lieu \u00e0 Roubaix dans l\u2019enceinte du v\u00e9lodrome la 1\/2 finale du championnat de France seniors par \u00e9quipe premi\u00e8re et deuxi\u00e8me division. Avec une \u00e9quipe tr\u00e8s jeune, 19 ans de moyenne d\u2019\u00e2ge, les sabreurs de la section paloise ont obtenu une tr\u00e8s belle quatri\u00e8me place, battu 45 \u00e0\u2026","rel":"","context":"Dans &quot;Non class\u00e9&quot;","block_context":{"text":"Non class\u00e9","link":"https:\/\/www.escrimepaloise.com\/wordpress\/category\/non-classe\/"},"img":{"alt_text":"","src":"https:\/\/i0.wp.com\/www.escrimepaloise.com\/wordpress\/wp-content\/uploads\/2018\/04\/IMG_0026-e1524655598459.jpg?fit=800%2C600&ssl=1&resize=350%2C200","width":350,"height":200,"srcset":"https:\/\/i0.wp.com\/www.escrimepaloise.com\/wordpress\/wp-content\/uploads\/2018\/04\/IMG_0026-e1524655598459.jpg?fit=800%2C600&ssl=1&resize=350%2C200 1x, https:\/\/i0.wp.com\/www.escrimepaloise.com\/wordpress\/wp-content\/uploads\/2018\/04\/IMG_0026-e1524655598459.jpg?fit=800%2C600&ssl=1&resize=525%2C300 1.5x, https:\/\/i0.wp.com\/www.escrimepaloise.com\/wordpress\/wp-content\/uploads\/2018\/04\/IMG_0026-e1524655598459.jpg?fit=800%2C600&ssl=1&resize=700%2C400 2x"},"classes":[]},{"id":13157,"url":"https:\/\/www.escrimepaloise.com\/wordpress\/2018\/05\/06\/la-section-en-reconstruction\/","url_meta":{"origin":25814,"position":4},"title":"La section en reconstruction.","author":"spescrime","date":"6 mai 2018","format":false,"excerpt":"Ce week-end se d\u00e9roulait \u00e0 Charleville Mezieres les championnats de France seniors au sabre. Avec une \u00e9quipe tr\u00e8s rajeunie suite \u00e0 l\u2019arr\u00eat de Romain Miramon et \u00e0 l\u2019abscence d\u2019Alban Berges retenu pour ses \u00e9tudes, la section paloise escrime a ch\u00e8rement d\u00e9fendu sa peau en obtenant une bonne cinqui\u00e8me place dans\u2026","rel":"","context":"Dans &quot;Non class\u00e9&quot;","block_context":{"text":"Non class\u00e9","link":"https:\/\/www.escrimepaloise.com\/wordpress\/category\/non-classe\/"},"img":{"alt_text":"","src":"https:\/\/i0.wp.com\/www.escrimepaloise.com\/wordpress\/wp-content\/uploads\/2018\/05\/IMG_0097.jpg?fit=1200%2C900&ssl=1&resize=350%2C200","width":350,"height":200,"srcset":"https:\/\/i0.wp.com\/www.escrimepaloise.com\/wordpress\/wp-content\/uploads\/2018\/05\/IMG_0097.jpg?fit=1200%2C900&ssl=1&resize=350%2C200 1x, https:\/\/i0.wp.com\/www.escrimepaloise.com\/wordpress\/wp-content\/uploads\/2018\/05\/IMG_0097.jpg?fit=1200%2C900&ssl=1&resize=525%2C300 1.5x, https:\/\/i0.wp.com\/www.escrimepaloise.com\/wordpress\/wp-content\/uploads\/2018\/05\/IMG_0097.jpg?fit=1200%2C900&ssl=1&resize=700%2C400 2x, https:\/\/i0.wp.com\/www.escrimepaloise.com\/wordpress\/wp-content\/uploads\/2018\/05\/IMG_0097.jpg?fit=1200%2C900&ssl=1&resize=1050%2C600 3x"},"classes":[]},{"id":12880,"url":"https:\/\/www.escrimepaloise.com\/wordpress\/2017\/11\/27\/1-4-de-finale-du-championnat-de-france-seniors-par-equipe-la-section-sur-le-podium\/","url_meta":{"origin":25814,"position":5},"title":"1\/4 de finale du championnat de France seniors par equipe. La Section sur le podium.","author":"Alain C.","date":"27 novembre 2017","format":false,"excerpt":"Les sabreurs de la Section Paloise ont r\u00e9alis\u00e9 ce week-end \u00e0 Grenoble une excellente performance en montant sur la troisi\u00e8me marche du podium des 1\/4 de finale des championnats de France par equipe. Avec une equipe tr\u00e8s jeune (20 ans de moyenne d'\u00e2ge), nos sabreurs se sont d\u00e9faits en huiti\u00e8me\u2026","rel":"","context":"Dans &quot;Non class\u00e9&quot;","block_context":{"text":"Non class\u00e9","link":"https:\/\/www.escrimepaloise.com\/wordpress\/category\/non-classe\/"},"img":{"alt_text":"","src":"https:\/\/i0.wp.com\/www.escrimepaloise.com\/wordpress\/wp-content\/uploads\/2017\/11\/IMG_2919-e1511764205766.jpg?fit=800%2C600&ssl=1&resize=350%2C200","width":350,"height":200,"srcset":"https:\/\/i0.wp.com\/www.escrimepaloise.com\/wordpress\/wp-content\/uploads\/2017\/11\/IMG_2919-e1511764205766.jpg?fit=800%2C600&ssl=1&resize=350%2C200 1x, https:\/\/i0.wp.com\/www.escrimepaloise.com\/wordpress\/wp-content\/uploads\/2017\/11\/IMG_2919-e1511764205766.jpg?fit=800%2C600&ssl=1&resize=525%2C300 1.5x, https:\/\/i0.wp.com\/www.escrimepaloise.com\/wordpress\/wp-content\/uploads\/2017\/11\/IMG_2919-e1511764205766.jpg?fit=800%2C600&ssl=1&resize=700%2C400 2x"},"classes":[]}],"_links":{"self":[{"href":"https:\/\/www.escrimepaloise.com\/wordpress\/wp-json\/wp\/v2\/posts\/25814","targetHints":{"allow":["GET"]}}],"collection":[{"href":"https:\/\/www.escrimepaloise.com\/wordpress\/wp-json\/wp\/v2\/posts"}],"about":[{"href":"https:\/\/www.escrimepaloise.com\/wordpress\/wp-json\/wp\/v2\/types\/post"}],"author":[{"embeddable":true,"href":"https:\/\/www.escrimepaloise.com\/wordpress\/wp-json\/wp\/v2\/users\/7"}],"replies":[{"embeddable":true,"href":"https:\/\/www.escrimepaloise.com\/wordpress\/wp-json\/wp\/v2\/comments?post=25814"}],"version-history":[{"count":1,"href":"https:\/\/www.escrimepaloise.com\/wordpress\/wp-json\/wp\/v2\/posts\/25814\/revisions"}],"predecessor-version":[{"id":25824,"href":"https:\/\/www.escrimepaloise.com\/wordpress\/wp-json\/wp\/v2\/posts\/25814\/revisions\/25824"}],"wp:featuredmedia":[{"embeddable":true,"href":"https:\/\/www.escrimepaloise.com\/wordpress\/wp-json\/wp\/v2\/media\/25815"}],"wp:attachment":[{"href":"https:\/\/www.escrimepaloise.com\/wordpress\/wp-json\/wp\/v2\/media?parent=25814"}],"wp:term":[{"taxonomy":"category","embeddable":true,"href":"https:\/\/www.escrimepaloise.com\/wordpress\/wp-json\/wp\/v2\/categories?post=25814"},{"taxonomy":"post_tag","embeddable":true,"href":"https:\/\/www.escrimepaloise.com\/wordpress\/wp-json\/wp\/v2\/tags?post=25814"}],"curies":[{"name":"wp","href":"https:\/\/api.w.org\/{rel}","templated":true}]}}