{"id":26092,"date":"2024-11-13T11:04:53","date_gmt":"2024-11-13T10:04:53","guid":{"rendered":"https:\/\/www.escrimepaloise.com\/wordpress\/?p=26092"},"modified":"2024-11-13T11:10:44","modified_gmt":"2024-11-13T10:10:44","slug":"on-a-tous-un-maitre","status":"publish","type":"post","link":"https:\/\/www.escrimepaloise.com\/wordpress\/2024\/11\/13\/on-a-tous-un-maitre\/","title":{"rendered":"On a tous un Ma\u00eetre !!"},"content":{"rendered":"<p>Quel bonheur cette semaine de voir parmi nous Thierry Trottein, ma\u00eetre d&rsquo;armes de la Section Paloise dans les ann\u00e9es 80 alors que les entra\u00eenements se d\u00e9roulaient encore \u00e0 l&rsquo;\u00e9poque au stadium de la gare !! Ma\u00eetre d&rsquo;armes d&rsquo;Alain Coicaud, Thierry est venu \u00e9changer au club et son passage a \u00e9t\u00e9 appr\u00e9ci\u00e9 par tous. Retrait\u00e9 en Su\u00e8de de l&rsquo;escrime depuis 3 ans, Thierry a coup\u00e9 avec l&rsquo;escrime pour se consacrer \u00e0 la p\u00eache son activit\u00e9 favorite. P\u00eache et escrime sont deux activit\u00e9s compl\u00e9mentaires, le lancer du p\u00eacheur \u00e9tant le m\u00eame geste que le coup lanc\u00e9 de l&rsquo;escrimeur !!\u00a0 Que de magnifiques souvenirs partag\u00e9s avec Thierry, l&rsquo;un des escrimeurs les plus dou\u00e9s de sa g\u00e9n\u00e9ration.<\/p>\n","protected":false},"excerpt":{"rendered":"<p>Quel bonheur cette semaine de voir parmi nous Thierry Trottein, ma\u00eetre d&rsquo;armes de la Section Paloise dans les ann\u00e9es 80 alors que les entra\u00eenements se d\u00e9roulaient encore \u00e0 l&rsquo;\u00e9poque au stadium de la gare !! Ma\u00eetre d&rsquo;armes d&rsquo;Alain Coicaud, Thierry est venu \u00e9changer au club et son passage a \u00e9t\u00e9 appr\u00e9ci\u00e9 par tous. Retrait\u00e9 en [&hellip;]<\/p>\n","protected":false},"author":7,"featured_media":26093,"comment_status":"closed","ping_status":"closed","sticky":false,"template":"","format":"standard","meta":{"jetpack_post_was_ever_published":false,"_jetpack_newsletter_access":"","_jetpack_dont_email_post_to_subs":false,"_jetpack_newsletter_tier_id":0,"_jetpack_memberships_contains_paywalled_content":false,"_jetpack_memberships_contains_paid_content":false,"footnotes":"","jetpack_publicize_message":"","jetpack_publicize_feature_enabled":true,"jetpack_social_post_already_shared":true,"jetpack_social_options":{"image_generator_settings":{"template":"highway","default_image_id":0,"font":"","enabled":false},"version":2}},"categories":[1],"tags":[],"class_list":["post-26092","post","type-post","status-publish","format-standard","has-post-thumbnail","hentry","category-non-classe"],"jetpack_publicize_connections":[],"jetpack_featured_media_url":"https:\/\/i0.wp.com\/www.escrimepaloise.com\/wordpress\/wp-content\/uploads\/2024\/11\/trottein-scaled-e1731492213288.jpg?fit=800%2C1069&ssl=1","jetpack_sharing_enabled":true,"jetpack_shortlink":"https:\/\/wp.me\/p8aWQh-6MQ","jetpack-related-posts":[{"id":12743,"url":"https:\/\/www.escrimepaloise.com\/wordpress\/2017\/06\/13\/de-la-section-paloise-a-san-diego\/","url_meta":{"origin":26092,"position":0},"title":"De la Section Paloise \u00e0 San Diego","author":"Alain C.","date":"13 juin 2017","format":false,"excerpt":"Quelle joie et quel honneur de retrouver Andr\u00e9 Tran, un ancien sectionniste, qui a commenc\u00e9 l'escrime il y a plus de 45 ans au stadium de la gare avec ses 2 fr\u00e8res Emile et Antoine. Venu \u00e0 l'escrime gr\u00e2ce \u00e0 Pierre Coicaud qui avait alors d\u00e9cel\u00e9 un vrai potentiel chez\u2026","rel":"","context":"Dans &quot;Non class\u00e9&quot;","block_context":{"text":"Non class\u00e9","link":"https:\/\/www.escrimepaloise.com\/wordpress\/category\/non-classe\/"},"img":{"alt_text":"","src":"https:\/\/i0.wp.com\/www.escrimepaloise.com\/wordpress\/wp-content\/uploads\/2017\/06\/IMG_2446-e1497357740274.jpg?fit=800%2C450&ssl=1&resize=350%2C200","width":350,"height":200,"srcset":"https:\/\/i0.wp.com\/www.escrimepaloise.com\/wordpress\/wp-content\/uploads\/2017\/06\/IMG_2446-e1497357740274.jpg?fit=800%2C450&ssl=1&resize=350%2C200 1x, https:\/\/i0.wp.com\/www.escrimepaloise.com\/wordpress\/wp-content\/uploads\/2017\/06\/IMG_2446-e1497357740274.jpg?fit=800%2C450&ssl=1&resize=525%2C300 1.5x, https:\/\/i0.wp.com\/www.escrimepaloise.com\/wordpress\/wp-content\/uploads\/2017\/06\/IMG_2446-e1497357740274.jpg?fit=800%2C450&ssl=1&resize=700%2C400 2x"},"classes":[]},{"id":24469,"url":"https:\/\/www.escrimepaloise.com\/wordpress\/2021\/04\/01\/hommage-a-pierre-coicaud-president-fondateur-de-la-section-paloise-escrime\/","url_meta":{"origin":26092,"position":1},"title":"Hommage \u00e0 Pierre COICAUD \u2013 Pr\u00e9sident Fondateur de la Section Paloise Escrime","author":"spescrime","date":"1 avril 2021","format":false,"excerpt":"Pau est une place forte de l\u2019Escrime Fran\u00e7aise\u00a0\u00bb dixit Roland Boitelle Pr\u00e9sident de FFE en 1981 lorsqu\u2019il rencontra Pierre COICAUD. Tout a commenc\u00e9 en 1950 quand Pierre COICAUD dirigeait le Cercle Militaire d\u2019Escrime de Pau. Il cr\u00e9a notre association Section Paloise Escrime en 1959 et devint ainsi le Pr\u00e9sident Fondateur\u2026","rel":"","context":"Dans &quot;Non class\u00e9&quot;","block_context":{"text":"Non class\u00e9","link":"https:\/\/www.escrimepaloise.com\/wordpress\/category\/non-classe\/"},"img":{"alt_text":"","src":"https:\/\/i0.wp.com\/www.escrimepaloise.com\/wordpress\/wp-content\/uploads\/2021\/04\/IMG_2440-scaled.jpg?fit=1200%2C900&ssl=1&resize=350%2C200","width":350,"height":200,"srcset":"https:\/\/i0.wp.com\/www.escrimepaloise.com\/wordpress\/wp-content\/uploads\/2021\/04\/IMG_2440-scaled.jpg?fit=1200%2C900&ssl=1&resize=350%2C200 1x, https:\/\/i0.wp.com\/www.escrimepaloise.com\/wordpress\/wp-content\/uploads\/2021\/04\/IMG_2440-scaled.jpg?fit=1200%2C900&ssl=1&resize=525%2C300 1.5x, https:\/\/i0.wp.com\/www.escrimepaloise.com\/wordpress\/wp-content\/uploads\/2021\/04\/IMG_2440-scaled.jpg?fit=1200%2C900&ssl=1&resize=700%2C400 2x, https:\/\/i0.wp.com\/www.escrimepaloise.com\/wordpress\/wp-content\/uploads\/2021\/04\/IMG_2440-scaled.jpg?fit=1200%2C900&ssl=1&resize=1050%2C600 3x"},"classes":[]},{"id":25490,"url":"https:\/\/www.escrimepaloise.com\/wordpress\/2023\/08\/04\/samuel-jarry-en-bronze-aux-championnats-du-monde-universitaire-de-chengdu\/","url_meta":{"origin":26092,"position":2},"title":"Samuel JARRY en Bronze aux Championnats du Monde Universitaire de Chengdu","author":"Alain","date":"4 ao\u00fbt 2023","format":false,"excerpt":"On n\u2019arr\u00eate plus l\u2019ascension de Samuel Jarry en cette fin de saison et sa moisson de m\u00e9dailles. Apr\u00e8s son r\u00e9cent titre de Vice-Champion de France U23, le sabreur de la Section Paloise Escrime vient tout simplement de r\u00e9aliser une performance majuscule en d\u00e9crochant la m\u00e9daille de bronze lors des championnats\u2026","rel":"","context":"Dans &quot;Non class\u00e9&quot;","block_context":{"text":"Non class\u00e9","link":"https:\/\/www.escrimepaloise.com\/wordpress\/category\/non-classe\/"},"img":{"alt_text":"","src":"https:\/\/i0.wp.com\/www.escrimepaloise.com\/wordpress\/wp-content\/uploads\/2023\/08\/Sam-Monde-Universitaire-4-e1691143476408.jpg?fit=800%2C534&ssl=1&resize=350%2C200","width":350,"height":200,"srcset":"https:\/\/i0.wp.com\/www.escrimepaloise.com\/wordpress\/wp-content\/uploads\/2023\/08\/Sam-Monde-Universitaire-4-e1691143476408.jpg?fit=800%2C534&ssl=1&resize=350%2C200 1x, https:\/\/i0.wp.com\/www.escrimepaloise.com\/wordpress\/wp-content\/uploads\/2023\/08\/Sam-Monde-Universitaire-4-e1691143476408.jpg?fit=800%2C534&ssl=1&resize=525%2C300 1.5x, https:\/\/i0.wp.com\/www.escrimepaloise.com\/wordpress\/wp-content\/uploads\/2023\/08\/Sam-Monde-Universitaire-4-e1691143476408.jpg?fit=800%2C534&ssl=1&resize=700%2C400 2x"},"classes":[]},{"id":24495,"url":"https:\/\/www.escrimepaloise.com\/wordpress\/2021\/06\/29\/notre-president-benoit-allias-decore-de-la-medaille-dargent-de-la-jeunesse-et-des-sports\/","url_meta":{"origin":26092,"position":3},"title":"Notre Pr\u00e9sident Benoit Allias d\u00e9cor\u00e9 de la m\u00e9daille d&rsquo;argent de la jeunesse et des sports","author":"Alain","date":"29 juin 2021","format":false,"excerpt":"A l'occasion des championnats de France M17 qui se sont d\u00e9roul\u00e9s \u00e0 Pau, Benoit Allias, Pr\u00e9sident de la Section paloise Escrime a re\u00e7u la m\u00e9daille d'argent de la Jeunesse et des Sports des mains de Bruno Gares, Pr\u00e9sident de la f\u00e9d\u00e9ration fran\u00e7aise d'escrime, l'occasion de rappeler son engagement associatif sans\u2026","rel":"","context":"Dans &quot;Non class\u00e9&quot;","block_context":{"text":"Non class\u00e9","link":"https:\/\/www.escrimepaloise.com\/wordpress\/category\/non-classe\/"},"img":{"alt_text":"","src":"https:\/\/i0.wp.com\/www.escrimepaloise.com\/wordpress\/wp-content\/uploads\/2021\/06\/IMG_7139-e1625002398732.jpg?fit=800%2C600&ssl=1&resize=350%2C200","width":350,"height":200,"srcset":"https:\/\/i0.wp.com\/www.escrimepaloise.com\/wordpress\/wp-content\/uploads\/2021\/06\/IMG_7139-e1625002398732.jpg?fit=800%2C600&ssl=1&resize=350%2C200 1x, https:\/\/i0.wp.com\/www.escrimepaloise.com\/wordpress\/wp-content\/uploads\/2021\/06\/IMG_7139-e1625002398732.jpg?fit=800%2C600&ssl=1&resize=525%2C300 1.5x, https:\/\/i0.wp.com\/www.escrimepaloise.com\/wordpress\/wp-content\/uploads\/2021\/06\/IMG_7139-e1625002398732.jpg?fit=800%2C600&ssl=1&resize=700%2C400 2x"},"classes":[]},{"id":12977,"url":"https:\/\/www.escrimepaloise.com\/wordpress\/2018\/01\/16\/la-medaille-du-merite-pour-gigi\/","url_meta":{"origin":26092,"position":4},"title":"La m\u00e9daille du m\u00e9rite pour Gigi","author":"Alain C.","date":"16 janvier 2018","format":false,"excerpt":"Issue d'une famille d'escrimeur puisque Ghislaine n'est autre que la fille de Pierre Coicaud pr\u00e9sident fondateur Et d'Alain notre entra\u00eeneur, Gigi a commenc\u00e9 l'escrime au Stadium de la gare. Dot\u00e9e d'une technique de main et d'une vitesse de d\u00e9placement au dessus de la moyenne, Gigi a gagn\u00e9 tous les tournois\u2026","rel":"","context":"Dans &quot;Non class\u00e9&quot;","block_context":{"text":"Non class\u00e9","link":"https:\/\/www.escrimepaloise.com\/wordpress\/category\/non-classe\/"},"img":{"alt_text":"","src":"https:\/\/i0.wp.com\/www.escrimepaloise.com\/wordpress\/wp-content\/uploads\/2018\/01\/thumbnail-e1516104925823.jpeg?fit=800%2C600&ssl=1&resize=350%2C200","width":350,"height":200,"srcset":"https:\/\/i0.wp.com\/www.escrimepaloise.com\/wordpress\/wp-content\/uploads\/2018\/01\/thumbnail-e1516104925823.jpeg?fit=800%2C600&ssl=1&resize=350%2C200 1x, https:\/\/i0.wp.com\/www.escrimepaloise.com\/wordpress\/wp-content\/uploads\/2018\/01\/thumbnail-e1516104925823.jpeg?fit=800%2C600&ssl=1&resize=525%2C300 1.5x, https:\/\/i0.wp.com\/www.escrimepaloise.com\/wordpress\/wp-content\/uploads\/2018\/01\/thumbnail-e1516104925823.jpeg?fit=800%2C600&ssl=1&resize=700%2C400 2x"},"classes":[]},{"id":25365,"url":"https:\/\/www.escrimepaloise.com\/wordpress\/2023\/05\/19\/alain-coicaud-et-julien-medard-a-la-tete-du-sabre-francais\/","url_meta":{"origin":26092,"position":5},"title":"Alain COICAUD et Julien MEDARD \u00e0 la t\u00eate du sabre fran\u00e7ais","author":"Alain","date":"19 mai 2023","format":false,"excerpt":"Chers parents, chers licenci\u00e9s, \u00a0 C\u2019est avec une tr\u00e8s grande fiert\u00e9 que je suis heureux de vous annoncer la nomination officielle de notre Maitre d\u2019Armes Alain Coicaud en tant que Manager G\u00e9n\u00e9ral de l\u2019Equipe de France de Sabre masculin. \u00a0 Il sera associ\u00e9 avec un ancien du club Julien M\u00e9dard\u2026","rel":"","context":"Dans &quot;Non class\u00e9&quot;","block_context":{"text":"Non class\u00e9","link":"https:\/\/www.escrimepaloise.com\/wordpress\/category\/non-classe\/"},"img":{"alt_text":"","src":"https:\/\/i0.wp.com\/www.escrimepaloise.com\/wordpress\/wp-content\/uploads\/2023\/05\/coicaud-medard-scaled-e1684532953222.jpeg?fit=800%2C562&ssl=1&resize=350%2C200","width":350,"height":200,"srcset":"https:\/\/i0.wp.com\/www.escrimepaloise.com\/wordpress\/wp-content\/uploads\/2023\/05\/coicaud-medard-scaled-e1684532953222.jpeg?fit=800%2C562&ssl=1&resize=350%2C200 1x, https:\/\/i0.wp.com\/www.escrimepaloise.com\/wordpress\/wp-content\/uploads\/2023\/05\/coicaud-medard-scaled-e1684532953222.jpeg?fit=800%2C562&ssl=1&resize=525%2C300 1.5x, https:\/\/i0.wp.com\/www.escrimepaloise.com\/wordpress\/wp-content\/uploads\/2023\/05\/coicaud-medard-scaled-e1684532953222.jpeg?fit=800%2C562&ssl=1&resize=700%2C400 2x"},"classes":[]}],"_links":{"self":[{"href":"https:\/\/www.escrimepaloise.com\/wordpress\/wp-json\/wp\/v2\/posts\/26092","targetHints":{"allow":["GET"]}}],"collection":[{"href":"https:\/\/www.escrimepaloise.com\/wordpress\/wp-json\/wp\/v2\/posts"}],"about":[{"href":"https:\/\/www.escrimepaloise.com\/wordpress\/wp-json\/wp\/v2\/types\/post"}],"author":[{"embeddable":true,"href":"https:\/\/www.escrimepaloise.com\/wordpress\/wp-json\/wp\/v2\/users\/7"}],"replies":[{"embeddable":true,"href":"https:\/\/www.escrimepaloise.com\/wordpress\/wp-json\/wp\/v2\/comments?post=26092"}],"version-history":[{"count":1,"href":"https:\/\/www.escrimepaloise.com\/wordpress\/wp-json\/wp\/v2\/posts\/26092\/revisions"}],"predecessor-version":[{"id":26095,"href":"https:\/\/www.escrimepaloise.com\/wordpress\/wp-json\/wp\/v2\/posts\/26092\/revisions\/26095"}],"wp:featuredmedia":[{"embeddable":true,"href":"https:\/\/www.escrimepaloise.com\/wordpress\/wp-json\/wp\/v2\/media\/26093"}],"wp:attachment":[{"href":"https:\/\/www.escrimepaloise.com\/wordpress\/wp-json\/wp\/v2\/media?parent=26092"}],"wp:term":[{"taxonomy":"category","embeddable":true,"href":"https:\/\/www.escrimepaloise.com\/wordpress\/wp-json\/wp\/v2\/categories?post=26092"},{"taxonomy":"post_tag","embeddable":true,"href":"https:\/\/www.escrimepaloise.com\/wordpress\/wp-json\/wp\/v2\/tags?post=26092"}],"curies":[{"name":"wp","href":"https:\/\/api.w.org\/{rel}","templated":true}]}}