{"id":26189,"date":"2024-12-16T22:29:06","date_gmt":"2024-12-16T21:29:06","guid":{"rendered":"https:\/\/www.escrimepaloise.com\/wordpress\/?p=26189"},"modified":"2024-12-16T22:29:06","modified_gmt":"2024-12-16T21:29:06","slug":"h2032-domination-paloise-2","status":"publish","type":"post","link":"https:\/\/www.escrimepaloise.com\/wordpress\/2024\/12\/16\/h2032-domination-paloise-2\/","title":{"rendered":"H2032 : Domination paloise"},"content":{"rendered":"<p>Grosse domination paloise ce week-end au CAM Bordeaux pour le traditionnel Horizon 2032, comp\u00e9tition r\u00e9serv\u00e9e pour les M15 et qui doit s\u00e9lectionner 4 repr\u00e9sentants pour les championnats de la cat\u00e9gorie. Chez les gar\u00e7ons, la victoire de Galahad Jalabert est nette, aucun de ses adversaires ne d\u00e9passant les 7 touches. Oscar, g\u00ean\u00e9 par un probl\u00e8me au dos prend une bonne deuxi\u00e8me place tandis que Martin M13 premi\u00e8re ann\u00e9e compl\u00e8te le podium vert et blanc. Augustin fait 7\u00e8me, Charly et Paul perdent dans les 16. Chez les filles, Margaux Cayrat bless\u00e9e n&rsquo;a pu d\u00e9fendre ses chances et a d\u00e9clar\u00e9 forfait. Isae prend une bonne deuxi\u00e8me place tandis qu&rsquo;Aurore, encore M13 finit 3\u00e8me. Le quart de finale H3032 se d\u00e9roulera \u00e0 Charleville M\u00e9zi\u00e8res le premier week-end de f\u00e9vrier.<\/p>\n","protected":false},"excerpt":{"rendered":"<p>Grosse domination paloise ce week-end au CAM Bordeaux pour le traditionnel Horizon 2032, comp\u00e9tition r\u00e9serv\u00e9e pour les M15 et qui doit s\u00e9lectionner 4 repr\u00e9sentants pour les championnats de la cat\u00e9gorie. Chez les gar\u00e7ons, la victoire de Galahad Jalabert est nette, aucun de ses adversaires ne d\u00e9passant les 7 touches. Oscar, g\u00ean\u00e9 par un probl\u00e8me au [&hellip;]<\/p>\n","protected":false},"author":7,"featured_media":26190,"comment_status":"closed","ping_status":"closed","sticky":false,"template":"","format":"standard","meta":{"jetpack_post_was_ever_published":false,"_jetpack_newsletter_access":"","_jetpack_dont_email_post_to_subs":false,"_jetpack_newsletter_tier_id":0,"_jetpack_memberships_contains_paywalled_content":false,"_jetpack_memberships_contains_paid_content":false,"footnotes":"","jetpack_publicize_message":"","jetpack_publicize_feature_enabled":true,"jetpack_social_post_already_shared":true,"jetpack_social_options":{"image_generator_settings":{"template":"highway","default_image_id":0,"font":"","enabled":false},"version":2}},"categories":[1],"tags":[],"class_list":["post-26189","post","type-post","status-publish","format-standard","has-post-thumbnail","hentry","category-non-classe"],"jetpack_publicize_connections":[],"jetpack_featured_media_url":"https:\/\/i0.wp.com\/www.escrimepaloise.com\/wordpress\/wp-content\/uploads\/2024\/12\/H2032-e1734383908543.jpg?fit=800%2C573&ssl=1","jetpack_sharing_enabled":true,"jetpack_shortlink":"https:\/\/wp.me\/p8aWQh-6Op","jetpack-related-posts":[{"id":26026,"url":"https:\/\/www.escrimepaloise.com\/wordpress\/2024\/10\/07\/martin-pineda-riquelme-vainqueur-a-tarbes\/","url_meta":{"origin":26189,"position":0},"title":"Martin Pineda Riquelme vainqueur \u00e0 Tarbes","author":"Alain","date":"7 octobre 2024","format":false,"excerpt":"Avec une victoire et 8 podiums, la Section Paloise a r\u00e9alis\u00e9 une belle performance collective ce week-end \u00e0 Tarbes \u00e0 l'occasion de cette premi\u00e8re \u00e9preuve inter-r\u00e9gionale de l'ann\u00e9e. Martin Pineda Riquelme s'est impos\u00e9 en M13, la section r\u00e9alisant un tripl\u00e9 chez les gar\u00e7ons gr\u00e2ce \u00e0 Louis Lafargue et Charly Coicaud.\u2026","rel":"","context":"Dans &quot;Non class\u00e9&quot;","block_context":{"text":"Non class\u00e9","link":"https:\/\/www.escrimepaloise.com\/wordpress\/category\/non-classe\/"},"img":{"alt_text":"","src":"https:\/\/i0.wp.com\/www.escrimepaloise.com\/wordpress\/wp-content\/uploads\/2024\/10\/tarbes-4-e1728331015422.jpg?fit=800%2C450&ssl=1&resize=350%2C200","width":350,"height":200,"srcset":"https:\/\/i0.wp.com\/www.escrimepaloise.com\/wordpress\/wp-content\/uploads\/2024\/10\/tarbes-4-e1728331015422.jpg?fit=800%2C450&ssl=1&resize=350%2C200 1x, https:\/\/i0.wp.com\/www.escrimepaloise.com\/wordpress\/wp-content\/uploads\/2024\/10\/tarbes-4-e1728331015422.jpg?fit=800%2C450&ssl=1&resize=525%2C300 1.5x, https:\/\/i0.wp.com\/www.escrimepaloise.com\/wordpress\/wp-content\/uploads\/2024\/10\/tarbes-4-e1728331015422.jpg?fit=800%2C450&ssl=1&resize=700%2C400 2x"},"classes":[]},{"id":13216,"url":"https:\/\/www.escrimepaloise.com\/wordpress\/2018\/06\/18\/tous-medailles\/","url_meta":{"origin":26189,"position":1},"title":"Tous m\u00e9daill\u00e9s","author":"Alain C.","date":"18 juin 2018","format":false,"excerpt":"Notre \u00e9cole d'escrime\u00a0avait rendez-vous ce week-end \u00e0 Blanquefort pour la traditionnelle coupe d'Aquitaine par \u00e9quipe. Belle prestation de l'ensemble de nos \u00e9quipes puisque les filles en M11 l'emportent gr\u00e2ce \u00e0 La\u00efa Berges, Cl\u00e9mence Mercier et \u00a0Mia Poveda Sanchez. En M13, Jos\u00e9phine Leclair prend la troisi\u00e8me place avec deux co-\u00e9quipi\u00e8res du\u2026","rel":"","context":"Dans &quot;Non class\u00e9&quot;","block_context":{"text":"Non class\u00e9","link":"https:\/\/www.escrimepaloise.com\/wordpress\/category\/non-classe\/"},"img":{"alt_text":"","src":"https:\/\/i0.wp.com\/www.escrimepaloise.com\/wordpress\/wp-content\/uploads\/2018\/06\/ecole-escrime-e1529349951774.jpg?fit=800%2C600&ssl=1&resize=350%2C200","width":350,"height":200,"srcset":"https:\/\/i0.wp.com\/www.escrimepaloise.com\/wordpress\/wp-content\/uploads\/2018\/06\/ecole-escrime-e1529349951774.jpg?fit=800%2C600&ssl=1&resize=350%2C200 1x, https:\/\/i0.wp.com\/www.escrimepaloise.com\/wordpress\/wp-content\/uploads\/2018\/06\/ecole-escrime-e1529349951774.jpg?fit=800%2C600&ssl=1&resize=525%2C300 1.5x, https:\/\/i0.wp.com\/www.escrimepaloise.com\/wordpress\/wp-content\/uploads\/2018\/06\/ecole-escrime-e1529349951774.jpg?fit=800%2C600&ssl=1&resize=700%2C400 2x"},"classes":[]},{"id":26974,"url":"https:\/\/www.escrimepaloise.com\/wordpress\/2026\/02\/16\/la-section-sur-toutes-les-marches-des-podiums\/","url_meta":{"origin":26189,"position":2},"title":"La Section sur toutes les marches des podiums","author":"Alain","date":"16 f\u00e9vrier 2026","format":false,"excerpt":"\u00a0 La Section Paloise a r\u00e9alis\u00e9 v\u00e9ritable un hold up \u00e0 Strasbourg \u00e0 l'occasion du circuit national cadet regroupant plus de 120 tireurs en prenant les 3 premi\u00e8res places de la comp\u00e9tition. \"De m\u00e9moire d'entra\u00eeneur, c'est la premi\u00e8re fois depuis 31 ans que je suis au club qu'on r\u00e9alise une\u2026","rel":"","context":"Dans &quot;Non class\u00e9&quot;","block_context":{"text":"Non class\u00e9","link":"https:\/\/www.escrimepaloise.com\/wordpress\/category\/non-classe\/"},"img":{"alt_text":"","src":"https:\/\/i0.wp.com\/www.escrimepaloise.com\/wordpress\/wp-content\/uploads\/2026\/02\/strabourg-1-e1771241000411.jpeg?fit=800%2C526&ssl=1&resize=350%2C200","width":350,"height":200,"srcset":"https:\/\/i0.wp.com\/www.escrimepaloise.com\/wordpress\/wp-content\/uploads\/2026\/02\/strabourg-1-e1771241000411.jpeg?fit=800%2C526&ssl=1&resize=350%2C200 1x, https:\/\/i0.wp.com\/www.escrimepaloise.com\/wordpress\/wp-content\/uploads\/2026\/02\/strabourg-1-e1771241000411.jpeg?fit=800%2C526&ssl=1&resize=525%2C300 1.5x, https:\/\/i0.wp.com\/www.escrimepaloise.com\/wordpress\/wp-content\/uploads\/2026\/02\/strabourg-1-e1771241000411.jpeg?fit=800%2C526&ssl=1&resize=700%2C400 2x"},"classes":[]},{"id":25920,"url":"https:\/\/www.escrimepaloise.com\/wordpress\/2024\/06\/25\/et-du-bronze-pour-finir\/","url_meta":{"origin":26189,"position":3},"title":"Et du bronze pour finir !","author":"Alain","date":"25 juin 2024","format":false,"excerpt":"Apr\u00e8s les 2 titres et 11 podiums obtenus par nos escrimeurs aux diff\u00e9rents championnats de France, nos M13 gar\u00e7ons ont brill\u00e9 ce week-end \u00e0 Thonon-les-Bains Les Bains en ramenant une magnifique de bronze sur 57 equipes engag\u00e9es gr\u00e2ce \u00e0 Oscar Jaumain, Augustin Desprez, Martin Pineda Riquelme et Jean Allaire. Nos\u2026","rel":"","context":"Dans &quot;Non class\u00e9&quot;","block_context":{"text":"Non class\u00e9","link":"https:\/\/www.escrimepaloise.com\/wordpress\/category\/non-classe\/"},"img":{"alt_text":"","src":"https:\/\/i0.wp.com\/www.escrimepaloise.com\/wordpress\/wp-content\/uploads\/2024\/06\/tlb-13-e1719297068762.jpg?fit=800%2C566&ssl=1&resize=350%2C200","width":350,"height":200,"srcset":"https:\/\/i0.wp.com\/www.escrimepaloise.com\/wordpress\/wp-content\/uploads\/2024\/06\/tlb-13-e1719297068762.jpg?fit=800%2C566&ssl=1&resize=350%2C200 1x, https:\/\/i0.wp.com\/www.escrimepaloise.com\/wordpress\/wp-content\/uploads\/2024\/06\/tlb-13-e1719297068762.jpg?fit=800%2C566&ssl=1&resize=525%2C300 1.5x, https:\/\/i0.wp.com\/www.escrimepaloise.com\/wordpress\/wp-content\/uploads\/2024\/06\/tlb-13-e1719297068762.jpg?fit=800%2C566&ssl=1&resize=700%2C400 2x"},"classes":[]},{"id":25632,"url":"https:\/\/www.escrimepaloise.com\/wordpress\/2023\/11\/27\/circuits-nationaux-seniors-et-m17-2-podiums-pour-les-verts-et-blancs\/","url_meta":{"origin":26189,"position":4},"title":"Circuits nationaux S\u00e9niors et M17 : 2 podiums pour les \u00ab\u00a0Verts et Blancs\u00a0\u00bb","author":"Alain","date":"27 novembre 2023","format":false,"excerpt":"Ce\u00a0 week-end se d\u00e9roulait au complexe de pelote de Pau les circuits nationaux S\u00e9niors et M17. Eliott Bibi, imp\u00e9rial toute la journ\u00e9e \u00e9choue sur l'alsacien Maxence lambert en finale sur la plus petite des marges 15\u00e014. Fran\u00e7ois Maruelle qui a la particularit\u00e9 d'\u00eatre en troisi\u00e8me ann\u00e9e de m\u00e9decine prend une\u2026","rel":"","context":"Dans &quot;Non class\u00e9&quot;","block_context":{"text":"Non class\u00e9","link":"https:\/\/www.escrimepaloise.com\/wordpress\/category\/non-classe\/"},"img":{"alt_text":"","src":"https:\/\/i0.wp.com\/www.escrimepaloise.com\/wordpress\/wp-content\/uploads\/2023\/11\/seniors-Pau-podium-e1701110623210.jpg?fit=800%2C1067&ssl=1&resize=350%2C200","width":350,"height":200,"srcset":"https:\/\/i0.wp.com\/www.escrimepaloise.com\/wordpress\/wp-content\/uploads\/2023\/11\/seniors-Pau-podium-e1701110623210.jpg?fit=800%2C1067&ssl=1&resize=350%2C200 1x, https:\/\/i0.wp.com\/www.escrimepaloise.com\/wordpress\/wp-content\/uploads\/2023\/11\/seniors-Pau-podium-e1701110623210.jpg?fit=800%2C1067&ssl=1&resize=525%2C300 1.5x, https:\/\/i0.wp.com\/www.escrimepaloise.com\/wordpress\/wp-content\/uploads\/2023\/11\/seniors-Pau-podium-e1701110623210.jpg?fit=800%2C1067&ssl=1&resize=700%2C400 2x"},"classes":[]},{"id":26110,"url":"https:\/\/www.escrimepaloise.com\/wordpress\/2024\/11\/24\/montargis-tom-et-hugo-sur-les-podiums\/","url_meta":{"origin":26189,"position":5},"title":"Montargis : Tom et Hugo sur les podiums","author":"Alain","date":"24 novembre 2024","format":false,"excerpt":"Encore une performance XXL pour les sabreurs de la Section Paloise ce week-end \u00e0 Montargis en circuit national s\u00e9niors et cadets. En l'absence d'Eliott Bibi qui affute sa pr\u00e9paration en vue de la coupe du monde d'Orl\u00e9ans, c'est Tom Couderc qui s'est distingu\u00e9 \u00e0 la surprise g\u00e9n\u00e9rale en prenant une\u2026","rel":"","context":"Dans &quot;Non class\u00e9&quot;","block_context":{"text":"Non class\u00e9","link":"https:\/\/www.escrimepaloise.com\/wordpress\/category\/non-classe\/"},"img":{"alt_text":"","src":"https:\/\/i0.wp.com\/www.escrimepaloise.com\/wordpress\/wp-content\/uploads\/2024\/11\/montargis-2.jpg?fit=900%2C1200&ssl=1&resize=350%2C200","width":350,"height":200,"srcset":"https:\/\/i0.wp.com\/www.escrimepaloise.com\/wordpress\/wp-content\/uploads\/2024\/11\/montargis-2.jpg?fit=900%2C1200&ssl=1&resize=350%2C200 1x, https:\/\/i0.wp.com\/www.escrimepaloise.com\/wordpress\/wp-content\/uploads\/2024\/11\/montargis-2.jpg?fit=900%2C1200&ssl=1&resize=525%2C300 1.5x, https:\/\/i0.wp.com\/www.escrimepaloise.com\/wordpress\/wp-content\/uploads\/2024\/11\/montargis-2.jpg?fit=900%2C1200&ssl=1&resize=700%2C400 2x"},"classes":[]}],"_links":{"self":[{"href":"https:\/\/www.escrimepaloise.com\/wordpress\/wp-json\/wp\/v2\/posts\/26189","targetHints":{"allow":["GET"]}}],"collection":[{"href":"https:\/\/www.escrimepaloise.com\/wordpress\/wp-json\/wp\/v2\/posts"}],"about":[{"href":"https:\/\/www.escrimepaloise.com\/wordpress\/wp-json\/wp\/v2\/types\/post"}],"author":[{"embeddable":true,"href":"https:\/\/www.escrimepaloise.com\/wordpress\/wp-json\/wp\/v2\/users\/7"}],"replies":[{"embeddable":true,"href":"https:\/\/www.escrimepaloise.com\/wordpress\/wp-json\/wp\/v2\/comments?post=26189"}],"version-history":[{"count":1,"href":"https:\/\/www.escrimepaloise.com\/wordpress\/wp-json\/wp\/v2\/posts\/26189\/revisions"}],"predecessor-version":[{"id":26194,"href":"https:\/\/www.escrimepaloise.com\/wordpress\/wp-json\/wp\/v2\/posts\/26189\/revisions\/26194"}],"wp:featuredmedia":[{"embeddable":true,"href":"https:\/\/www.escrimepaloise.com\/wordpress\/wp-json\/wp\/v2\/media\/26190"}],"wp:attachment":[{"href":"https:\/\/www.escrimepaloise.com\/wordpress\/wp-json\/wp\/v2\/media?parent=26189"}],"wp:term":[{"taxonomy":"category","embeddable":true,"href":"https:\/\/www.escrimepaloise.com\/wordpress\/wp-json\/wp\/v2\/categories?post=26189"},{"taxonomy":"post_tag","embeddable":true,"href":"https:\/\/www.escrimepaloise.com\/wordpress\/wp-json\/wp\/v2\/tags?post=26189"}],"curies":[{"name":"wp","href":"https:\/\/api.w.org\/{rel}","templated":true}]}}