{"id":27073,"date":"2026-03-16T22:04:58","date_gmt":"2026-03-16T21:04:58","guid":{"rendered":"https:\/\/www.escrimepaloise.com\/wordpress\/?p=27073"},"modified":"2026-03-16T22:04:58","modified_gmt":"2026-03-16T21:04:58","slug":"1-2-finale-des-championnats-de-france-les-cadets-de-la-section-sur-la-plus-haute-marche-du-podium","status":"publish","type":"post","link":"https:\/\/www.escrimepaloise.com\/wordpress\/2026\/03\/16\/1-2-finale-des-championnats-de-france-les-cadets-de-la-section-sur-la-plus-haute-marche-du-podium\/","title":{"rendered":"1\/2 Finale des Championnats de France : Les cadets de la Section sur la plus haute marche du podium"},"content":{"rendered":"<div dir=\"ltr\">Une performance de haut niveau \u00e0 mettre \u00e0 l&rsquo;actif de nos cadets ce week-end \u00e0 Tarbes \u00e0 l&rsquo;occasion des demi-finales des Championnats de France M17. L&rsquo;\u00e9quipe compos\u00e9e d&rsquo;Eliott Wieczorek, Roman Le Lan, Romain Toucouere Schmitz et Oscar Jaumain s&rsquo;est impos\u00e9 devant 26 \u00e9quipes repr\u00e9sentant les meilleurs clubs fran\u00e7ais. Nos jeunes sabreurs ont domin\u00e9 successivement Jou\u00e9 les Tours, Strasbourg, et les 2 \u00e9quipes d&rsquo;Orl\u00e9ans en demi-finale et en finale. Cette victoire r\u00e9compense un collectif, l&rsquo;\u00e9quipe 2 gagnant la deuxi\u00e8me division en dominant Charleville M\u00e9zi\u00e8res en finale.<\/div>\n<div dir=\"ltr\">Et ce week-end, c&rsquo;est au tour des juniors de disputer la demi-finale des Championnats de France de leur cat\u00e9gories \u00e0 Brest avec \u00e0 leur t\u00eate Tom Couderc chez les gar\u00e7ons,\u00a0 aur\u00e9ol\u00e9 de sa m\u00e9daille de bronze aux championnats d&rsquo;Europe tandis que chez les filles on suivra particuli\u00e8rement notre \u00e9quipe championne de france junior 2025 avec Emma Arribet, Laia Bergez et Constance Mercier.<\/div>\n<div dir=\"ltr\"><\/div>\n<div dir=\"ltr\"><\/div>\n<div dir=\"ltr\"><a href=\"https:\/\/engarde-service.com\/competition\/ate\/sdo_2026_demifinale_cdf_m17\/sdo_2026_sh\">R\u00e9sultats cadets gar\u00e7ons<\/a><\/div>\n<div dir=\"ltr\"><a href=\"https:\/\/engarde-service.com\/competition\/ate\/sdo_2026_demifinale_cdf_m17\/sdo_2026_sd\">R\u00e9sultats cadets filles<\/a><\/div>\n<div dir=\"ltr\"><a href=\"https:\/\/engarde-service.com\/competition\/ate\/sdo_2026_demifinale_cdf_m17\/sdo_2026_esh\">R\u00e9sultats cadets Equipe<\/a><\/div>\n","protected":false},"excerpt":{"rendered":"<p>Une performance de haut niveau \u00e0 mettre \u00e0 l&rsquo;actif de nos cadets ce week-end \u00e0 Tarbes \u00e0 l&rsquo;occasion des demi-finales des Championnats de France M17. L&rsquo;\u00e9quipe compos\u00e9e d&rsquo;Eliott Wieczorek, Roman Le Lan, Romain Toucouere Schmitz et Oscar Jaumain s&rsquo;est impos\u00e9 devant 26 \u00e9quipes repr\u00e9sentant les meilleurs clubs fran\u00e7ais. Nos jeunes sabreurs ont domin\u00e9 successivement Jou\u00e9 [&hellip;]<\/p>\n","protected":false},"author":7,"featured_media":27074,"comment_status":"closed","ping_status":"closed","sticky":false,"template":"","format":"standard","meta":{"jetpack_post_was_ever_published":false,"_jetpack_newsletter_access":"","_jetpack_dont_email_post_to_subs":false,"_jetpack_newsletter_tier_id":0,"_jetpack_memberships_contains_paywalled_content":false,"_jetpack_memberships_contains_paid_content":false,"footnotes":"","jetpack_publicize_message":"","jetpack_publicize_feature_enabled":true,"jetpack_social_post_already_shared":true,"jetpack_social_options":{"image_generator_settings":{"template":"highway","default_image_id":0,"font":"","enabled":false},"version":2}},"categories":[1],"tags":[],"class_list":["post-27073","post","type-post","status-publish","format-standard","has-post-thumbnail","hentry","category-non-classe"],"jetpack_publicize_connections":[],"jetpack_featured_media_url":"https:\/\/i0.wp.com\/www.escrimepaloise.com\/wordpress\/wp-content\/uploads\/2026\/03\/sabre-dor-6-e1773693498578.jpg?fit=800%2C553&ssl=1","jetpack_sharing_enabled":true,"jetpack_shortlink":"https:\/\/wp.me\/p8aWQh-72F","jetpack-related-posts":[{"id":14244,"url":"https:\/\/www.escrimepaloise.com\/wordpress\/2020\/02\/10\/1-e-finale-championnat-de-france-cadet-les-filles-en-bronze\/","url_meta":{"origin":27073,"position":0},"title":"1\/2 finale Championnat de France Cadet &#8211; Les filles et Albin en bronze","author":"Alain C.","date":"10 f\u00e9vrier 2020","format":false,"excerpt":"2 m\u00e9dailles de plus \u00e0 mettre dans l'escarcelle des escrimeurs de la Section Paloise \u00e0 l'occasion de la 1\/2 finale des championnats de France cadets qui s'est d\u00e9roul\u00e9e ce week-end \u00e0 Jou\u00e9 Les Tours. Tout d'abord l'\u00e9quipe f\u00e9minine compos\u00e9e de Tamar Gordon, Garance Baylaucq, Roxane Cayrat et Mathilde Mousnier\u00a0 qui\u2026","rel":"","context":"Dans &quot;Non class\u00e9&quot;","block_context":{"text":"Non class\u00e9","link":"https:\/\/www.escrimepaloise.com\/wordpress\/category\/non-classe\/"},"img":{"alt_text":"","src":"https:\/\/i0.wp.com\/www.escrimepaloise.com\/wordpress\/wp-content\/uploads\/2020\/02\/3cd38e5c-aa04-4f0c-ac60-71a4d2ee7966-e1581316721269.jpg?fit=800%2C400&ssl=1&resize=350%2C200","width":350,"height":200,"srcset":"https:\/\/i0.wp.com\/www.escrimepaloise.com\/wordpress\/wp-content\/uploads\/2020\/02\/3cd38e5c-aa04-4f0c-ac60-71a4d2ee7966-e1581316721269.jpg?fit=800%2C400&ssl=1&resize=350%2C200 1x, https:\/\/i0.wp.com\/www.escrimepaloise.com\/wordpress\/wp-content\/uploads\/2020\/02\/3cd38e5c-aa04-4f0c-ac60-71a4d2ee7966-e1581316721269.jpg?fit=800%2C400&ssl=1&resize=525%2C300 1.5x, https:\/\/i0.wp.com\/www.escrimepaloise.com\/wordpress\/wp-content\/uploads\/2020\/02\/3cd38e5c-aa04-4f0c-ac60-71a4d2ee7966-e1581316721269.jpg?fit=800%2C400&ssl=1&resize=700%2C400 2x"},"classes":[]},{"id":25061,"url":"https:\/\/www.escrimepaloise.com\/wordpress\/2022\/12\/05\/1-4-de-finale-championnats-de-france-cadets-la-section-cartonne\/","url_meta":{"origin":27073,"position":1},"title":"1\/4 de finale Championnats de France cadets : La Section cartonne","author":"Alain","date":"5 d\u00e9cembre 2022","format":false,"excerpt":"Apr\u00e8s la victoire des s\u00e9niors le week-end dernier \u00e0 Strasbourg, les cadets tiraient \u00e0 Saint Jean de la Ruelle le 1\/4 de finale du championnat de France cadet individuel et par \u00e9quipe. Superbe doubl\u00e9 chez les gar\u00e7ons gr\u00e2ce \u00e0 Rodrigue Berardini qui remporte l'\u00e9preuve individuelle devant 130 concurrents et aussi\u2026","rel":"","context":"Dans &quot;Non class\u00e9&quot;","block_context":{"text":"Non class\u00e9","link":"https:\/\/www.escrimepaloise.com\/wordpress\/category\/non-classe\/"},"img":{"alt_text":"","src":"https:\/\/i0.wp.com\/www.escrimepaloise.com\/wordpress\/wp-content\/uploads\/2022\/12\/8b3048c3-0687-4432-bf15-41325d1a91d8-e1670267908392.jpg?fit=800%2C600&ssl=1&resize=350%2C200","width":350,"height":200,"srcset":"https:\/\/i0.wp.com\/www.escrimepaloise.com\/wordpress\/wp-content\/uploads\/2022\/12\/8b3048c3-0687-4432-bf15-41325d1a91d8-e1670267908392.jpg?fit=800%2C600&ssl=1&resize=350%2C200 1x, https:\/\/i0.wp.com\/www.escrimepaloise.com\/wordpress\/wp-content\/uploads\/2022\/12\/8b3048c3-0687-4432-bf15-41325d1a91d8-e1670267908392.jpg?fit=800%2C600&ssl=1&resize=525%2C300 1.5x, https:\/\/i0.wp.com\/www.escrimepaloise.com\/wordpress\/wp-content\/uploads\/2022\/12\/8b3048c3-0687-4432-bf15-41325d1a91d8-e1670267908392.jpg?fit=800%2C600&ssl=1&resize=700%2C400 2x"},"classes":[]},{"id":13129,"url":"https:\/\/www.escrimepaloise.com\/wordpress\/2018\/04\/08\/un-bilan-en-demi-teinte\/","url_meta":{"origin":27073,"position":2},"title":"Championnats du monde cadets-juniors : Un bilan en demi teinte","author":"Alain C.","date":"8 avril 2018","format":false,"excerpt":"Toute la section paloise escrime s'attendait \u00e0 une m\u00e9daille \u00e0 l'occasion des championnats du monde cadets juniors de V\u00e9rone et il faudra se contenter de deux sixi\u00e8me place. D\u00e9cevant quand on connait le d\u00e9roulement de ces trois journ\u00e9es. Tout d'abord c'est Eliott qui ouvrait le bal, lui qui a finit\u2026","rel":"","context":"Dans &quot;Non class\u00e9&quot;","block_context":{"text":"Non class\u00e9","link":"https:\/\/www.escrimepaloise.com\/wordpress\/category\/non-classe\/"},"img":{"alt_text":"","src":"https:\/\/i0.wp.com\/www.escrimepaloise.com\/wordpress\/wp-content\/uploads\/2018\/04\/IMG_3305-e1523220209563.jpg?fit=800%2C600&ssl=1&resize=350%2C200","width":350,"height":200,"srcset":"https:\/\/i0.wp.com\/www.escrimepaloise.com\/wordpress\/wp-content\/uploads\/2018\/04\/IMG_3305-e1523220209563.jpg?fit=800%2C600&ssl=1&resize=350%2C200 1x, https:\/\/i0.wp.com\/www.escrimepaloise.com\/wordpress\/wp-content\/uploads\/2018\/04\/IMG_3305-e1523220209563.jpg?fit=800%2C600&ssl=1&resize=525%2C300 1.5x, https:\/\/i0.wp.com\/www.escrimepaloise.com\/wordpress\/wp-content\/uploads\/2018\/04\/IMG_3305-e1523220209563.jpg?fit=800%2C600&ssl=1&resize=700%2C400 2x"},"classes":[]},{"id":25299,"url":"https:\/\/www.escrimepaloise.com\/wordpress\/2023\/04\/25\/les-cadets-dominent-le-national\/","url_meta":{"origin":27073,"position":3},"title":"Les cadets dominent le National","author":"Alain","date":"25 avril 2023","format":false,"excerpt":"Encore un week-end en or pour les cadets de la section paloise \u00e0 l'occasion de la 1\/2 finale du championnat de France qui s'est d\u00e9roulait \u00e0 G\u00e9m\u00e9nos. Avec tout d'abord une nouvelle victoire pour Tom Couderc, qui confirme le bronze obtenu aux championnats d'Europe. Chez les filles, Laia Bergez \u00e9choue\u2026","rel":"","context":"Dans &quot;Non class\u00e9&quot;","block_context":{"text":"Non class\u00e9","link":"https:\/\/www.escrimepaloise.com\/wordpress\/category\/non-classe\/"},"img":{"alt_text":"","src":"https:\/\/i0.wp.com\/www.escrimepaloise.com\/wordpress\/wp-content\/uploads\/2023\/04\/IMG_0600.jpg?fit=720%2C960&ssl=1&resize=350%2C200","width":350,"height":200,"srcset":"https:\/\/i0.wp.com\/www.escrimepaloise.com\/wordpress\/wp-content\/uploads\/2023\/04\/IMG_0600.jpg?fit=720%2C960&ssl=1&resize=350%2C200 1x, https:\/\/i0.wp.com\/www.escrimepaloise.com\/wordpress\/wp-content\/uploads\/2023\/04\/IMG_0600.jpg?fit=720%2C960&ssl=1&resize=525%2C300 1.5x, https:\/\/i0.wp.com\/www.escrimepaloise.com\/wordpress\/wp-content\/uploads\/2023\/04\/IMG_0600.jpg?fit=720%2C960&ssl=1&resize=700%2C400 2x"},"classes":[]},{"id":13919,"url":"https:\/\/www.escrimepaloise.com\/wordpress\/2019\/06\/03\/championnats-de-france-seniors-la-section-sur-tous-les-podiums\/","url_meta":{"origin":27073,"position":4},"title":"Championnats de France S\u00e9niors &#8211; La Section sur tous les podiums","author":"Alain C.","date":"3 juin 2019","format":false,"excerpt":"Championnats de France seniors\u00a0\u00a0\u00a0\u00a0\u00a0\u00a0\u00a0 Incroyable exploit qu\u2019on r\u00e9alis\u00e9s les sabreuses et sabreurs de la section paloise ce week-end \u00e0 Bourges \u00e0 l\u2019occasion des championnats de France seniors de la sp\u00e9cialit\u00e9 en m\u00e9daillant les 4 \u00e9quipes engag\u00e9es. Tout d\u2019abord les filles, \u00e9quipe compos\u00e9e de Jeromine Massou, Laia Vila, Marie Delas et\u2026","rel":"","context":"Dans &quot;Non class\u00e9&quot;","block_context":{"text":"Non class\u00e9","link":"https:\/\/www.escrimepaloise.com\/wordpress\/category\/non-classe\/"},"img":{"alt_text":"","src":"https:\/\/i0.wp.com\/www.escrimepaloise.com\/wordpress\/wp-content\/uploads\/2019\/06\/IMG_2302-e1559549011498.jpg?fit=800%2C600&ssl=1&resize=350%2C200","width":350,"height":200,"srcset":"https:\/\/i0.wp.com\/www.escrimepaloise.com\/wordpress\/wp-content\/uploads\/2019\/06\/IMG_2302-e1559549011498.jpg?fit=800%2C600&ssl=1&resize=350%2C200 1x, https:\/\/i0.wp.com\/www.escrimepaloise.com\/wordpress\/wp-content\/uploads\/2019\/06\/IMG_2302-e1559549011498.jpg?fit=800%2C600&ssl=1&resize=525%2C300 1.5x, https:\/\/i0.wp.com\/www.escrimepaloise.com\/wordpress\/wp-content\/uploads\/2019\/06\/IMG_2302-e1559549011498.jpg?fit=800%2C600&ssl=1&resize=700%2C400 2x"},"classes":[]},{"id":25773,"url":"https:\/\/www.escrimepaloise.com\/wordpress\/2024\/03\/04\/championnats-deurope-m20-sabre-par-equipe-naples-deux-palois-en-argent\/","url_meta":{"origin":27073,"position":5},"title":"Championnats d&rsquo;Europe M20 sabre par \u00e9quipe-Naples\u00a0  Deux palois en argent!","author":"Alain","date":"4 mars 2024","format":false,"excerpt":"Deux de nos sectionnistes juniors repr\u00e9sentaient la France \u00e0 l'occasion des championnats d'Europe Juniors qui se d\u00e9roulaient \u00e0 Naples et tous les 2 reviennent d' Italie vice-champions d'Europe! Roxane et ses camarades de l'\u00e9quipe de France \u00e9chouent d'une petite touche contre la Hongrie en finale 45\/44 apr\u00e8s de belles victoires\u2026","rel":"","context":"Dans &quot;Non class\u00e9&quot;","block_context":{"text":"Non class\u00e9","link":"https:\/\/www.escrimepaloise.com\/wordpress\/category\/non-classe\/"},"img":{"alt_text":"","src":"https:\/\/i0.wp.com\/www.escrimepaloise.com\/wordpress\/wp-content\/uploads\/2024\/03\/europe-juniors-couderc-e1709543578105.jpg?fit=800%2C483&ssl=1&resize=350%2C200","width":350,"height":200,"srcset":"https:\/\/i0.wp.com\/www.escrimepaloise.com\/wordpress\/wp-content\/uploads\/2024\/03\/europe-juniors-couderc-e1709543578105.jpg?fit=800%2C483&ssl=1&resize=350%2C200 1x, https:\/\/i0.wp.com\/www.escrimepaloise.com\/wordpress\/wp-content\/uploads\/2024\/03\/europe-juniors-couderc-e1709543578105.jpg?fit=800%2C483&ssl=1&resize=525%2C300 1.5x, https:\/\/i0.wp.com\/www.escrimepaloise.com\/wordpress\/wp-content\/uploads\/2024\/03\/europe-juniors-couderc-e1709543578105.jpg?fit=800%2C483&ssl=1&resize=700%2C400 2x"},"classes":[]}],"_links":{"self":[{"href":"https:\/\/www.escrimepaloise.com\/wordpress\/wp-json\/wp\/v2\/posts\/27073","targetHints":{"allow":["GET"]}}],"collection":[{"href":"https:\/\/www.escrimepaloise.com\/wordpress\/wp-json\/wp\/v2\/posts"}],"about":[{"href":"https:\/\/www.escrimepaloise.com\/wordpress\/wp-json\/wp\/v2\/types\/post"}],"author":[{"embeddable":true,"href":"https:\/\/www.escrimepaloise.com\/wordpress\/wp-json\/wp\/v2\/users\/7"}],"replies":[{"embeddable":true,"href":"https:\/\/www.escrimepaloise.com\/wordpress\/wp-json\/wp\/v2\/comments?post=27073"}],"version-history":[{"count":2,"href":"https:\/\/www.escrimepaloise.com\/wordpress\/wp-json\/wp\/v2\/posts\/27073\/revisions"}],"predecessor-version":[{"id":27089,"href":"https:\/\/www.escrimepaloise.com\/wordpress\/wp-json\/wp\/v2\/posts\/27073\/revisions\/27089"}],"wp:featuredmedia":[{"embeddable":true,"href":"https:\/\/www.escrimepaloise.com\/wordpress\/wp-json\/wp\/v2\/media\/27074"}],"wp:attachment":[{"href":"https:\/\/www.escrimepaloise.com\/wordpress\/wp-json\/wp\/v2\/media?parent=27073"}],"wp:term":[{"taxonomy":"category","embeddable":true,"href":"https:\/\/www.escrimepaloise.com\/wordpress\/wp-json\/wp\/v2\/categories?post=27073"},{"taxonomy":"post_tag","embeddable":true,"href":"https:\/\/www.escrimepaloise.com\/wordpress\/wp-json\/wp\/v2\/tags?post=27073"}],"curies":[{"name":"wp","href":"https:\/\/api.w.org\/{rel}","templated":true}]}}